{"id":54926,"date":"2019-06-22T10:30:55","date_gmt":"2019-06-22T13:30:55","guid":{"rendered":"https:\/\/eldiariodesanpedro.com.ar\/sitio\/?p=54926"},"modified":"2019-06-22T10:31:00","modified_gmt":"2019-06-22T13:31:00","slug":"allanamientos-positivos-se-recuperaron-elementos-robados","status":"publish","type":"post","link":"https:\/\/eldiariodesanpedro.com.ar\/sitio\/allanamientos-positivos-se-recuperaron-elementos-robados\/","title":{"rendered":"Allanamientos positivos: Se recuperaron elementos robados"},"content":{"rendered":"<!-- VideographyWP Plugin Message: Automatic video embedding prevented by plugin options. -->\n\n<p>Dos diligencias se realizaron en la tarde del viernes, las viviendas fueron allanadas por hechos que se encontraban en investigaci\u00f3n por hurto donde se recuperaron elementos sustraidos. Intervino la Fiscalia N\u00ba11 a cargo de la Dr Ramos.<\/p>\n\n\n\n<p>El Personal del Gabinete Criminologico de Comisaria San Pedro, tras tareas investigativas procedi\u00f3 a realizar dos diligencias  de allanamiento extendidas por la Justicia Ordinaria en una vivienda ubicada sobre Cruz Roja al 800 y en otra sobre calle General Puyrredon al 500.<\/p>\n\n\n\n<p>En el  primer domicilio fue tras actuaciones&nbsp;&nbsp;iniciadas en&nbsp;Comisaria de la Mujer y La Familia, all\u00ed se secuestro documentaci\u00f3n requerida y una planta de marihuana, aprehendi\u00e9ndose a la moradora femenina mayor de edad. <\/p>\n\n\n\n<p>En el segundo,   se logro el secuestro de una amoladora sustra\u00edda d\u00edas atr\u00e1s de una vivienda. En el  lugar no se hallaban moradores.  <\/p>\n\n\n\n<p><br><\/p>\n","protected":false},"excerpt":{"rendered":"<p>Dos diligencias se realizaron en la tarde del viernes, las viviendas fueron allanadas por hechos que se encontraban en investigaci\u00f3n por hurto donde se recuperaron elementos sustraidos. Intervino la Fiscalia N\u00ba11 a cargo de la Dr Ramos. El Personal del Gabinete Criminologico de Comisaria San Pedro, tras tareas investigativas procedi\u00f3 a realizar dos diligencias de [&hellip;]<\/p>\n","protected":false},"author":4,"featured_media":47887,"comment_status":"open","ping_status":"closed","sticky":false,"template":"","format":"standard","meta":{"om_disable_all_campaigns":false,"_jetpack_memberships_contains_paid_content":false,"footnotes":""},"categories":[2,103],"tags":[],"class_list":["post-54926","post","type-post","status-publish","format-standard","has-post-thumbnail","hentry","category-locales","category-policiales-locales"],"aioseo_notices":[],"gutentor_comment":0,"jetpack_featured_media_url":"https:\/\/eldiariodesanpedro.com.ar\/sitio\/wp-content\/uploads\/2019\/02\/patrullero-policia_5.jpg","jetpack_shortlink":"https:\/\/wp.me\/p6RhLt-ehU","jetpack_sharing_enabled":true,"_links":{"self":[{"href":"https:\/\/eldiariodesanpedro.com.ar\/sitio\/wp-json\/wp\/v2\/posts\/54926","targetHints":{"allow":["GET"]}}],"collection":[{"href":"https:\/\/eldiariodesanpedro.com.ar\/sitio\/wp-json\/wp\/v2\/posts"}],"about":[{"href":"https:\/\/eldiariodesanpedro.com.ar\/sitio\/wp-json\/wp\/v2\/types\/post"}],"author":[{"embeddable":true,"href":"https:\/\/eldiariodesanpedro.com.ar\/sitio\/wp-json\/wp\/v2\/users\/4"}],"replies":[{"embeddable":true,"href":"https:\/\/eldiariodesanpedro.com.ar\/sitio\/wp-json\/wp\/v2\/comments?post=54926"}],"version-history":[{"count":1,"href":"https:\/\/eldiariodesanpedro.com.ar\/sitio\/wp-json\/wp\/v2\/posts\/54926\/revisions"}],"predecessor-version":[{"id":54928,"href":"https:\/\/eldiariodesanpedro.com.ar\/sitio\/wp-json\/wp\/v2\/posts\/54926\/revisions\/54928"}],"wp:featuredmedia":[{"embeddable":true,"href":"https:\/\/eldiariodesanpedro.com.ar\/sitio\/wp-json\/wp\/v2\/media\/47887"}],"wp:attachment":[{"href":"https:\/\/eldiariodesanpedro.com.ar\/sitio\/wp-json\/wp\/v2\/media?parent=54926"}],"wp:term":[{"taxonomy":"category","embeddable":true,"href":"https:\/\/eldiariodesanpedro.com.ar\/sitio\/wp-json\/wp\/v2\/categories?post=54926"},{"taxonomy":"post_tag","embeddable":true,"href":"https:\/\/eldiariodesanpedro.com.ar\/sitio\/wp-json\/wp\/v2\/tags?post=54926"}],"curies":[{"name":"wp","href":"https:\/\/api.w.org\/{rel}","templated":true}]}}