{"id":5492,"date":"2016-06-15T19:04:08","date_gmt":"2016-06-15T22:04:08","guid":{"rendered":"https:\/\/eldiariodesanpedro.com.ar\/sitio\/?p=5492"},"modified":"2016-06-15T19:04:08","modified_gmt":"2016-06-15T22:04:08","slug":"un-automovil-se-incendio-en-la-via-publica","status":"publish","type":"post","link":"https:\/\/eldiariodesanpedro.com.ar\/sitio\/un-automovil-se-incendio-en-la-via-publica\/","title":{"rendered":"Un autom\u00f3vil se incendi\u00f3 en la v\u00eda p\u00fablica"},"content":{"rendered":"<p><!-- VideographyWP Plugin Message: Automatic video embedding prevented by plugin options. --><br \/>\nPromediando las 4 AM, por razones que se tratan de establecer, una dotaci\u00f3n del cuerpo de Bomberos Voluntarios a cargo del ayudante mayor Rom\u00e1n Montenegro, conjuntamente con personal policial se presentaron  en calle Thorne al 600 donde se estaba incendiando el rodado.<br \/>\nLos vecinos avisaron sobre el siniestro que se estaba llevando a cabo en el rodado marca Ford Sierra color blanco, el cual se hallaba estacionado en la v\u00eda p\u00fablica desde hac\u00eda un tiempo por razones de desperfectos mec\u00e1nicos.-<br \/>\nSi bien es materia de investigaci\u00f3n, es muy probable que haya sido intencional. Investiga la UFI Nro 7.<\/p>\n","protected":false},"excerpt":{"rendered":"<p>Promediando las 4 AM, por razones que se tratan de establecer, una dotaci\u00f3n del cuerpo de Bomberos Voluntarios a cargo del ayudante mayor Rom\u00e1n Montenegro, conjuntamente con personal policial se presentaron en calle Thorne al 600 donde se estaba incendiando el rodado. Los vecinos avisaron sobre el siniestro que se estaba llevando a cabo en [&hellip;]<\/p>\n","protected":false},"author":4,"featured_media":5493,"comment_status":"open","ping_status":"closed","sticky":false,"template":"","format":"standard","meta":{"om_disable_all_campaigns":false,"_jetpack_memberships_contains_paid_content":false,"footnotes":""},"categories":[2,103],"tags":[],"class_list":["post-5492","post","type-post","status-publish","format-standard","has-post-thumbnail","hentry","category-locales","category-policiales-locales"],"aioseo_notices":[],"gutentor_comment":0,"jetpack_featured_media_url":"https:\/\/eldiariodesanpedro.com.ar\/sitio\/wp-content\/uploads\/2016\/06\/incendio-ford-sierra.jpg","jetpack_shortlink":"https:\/\/wp.me\/p6RhLt-1qA","jetpack_sharing_enabled":true,"_links":{"self":[{"href":"https:\/\/eldiariodesanpedro.com.ar\/sitio\/wp-json\/wp\/v2\/posts\/5492","targetHints":{"allow":["GET"]}}],"collection":[{"href":"https:\/\/eldiariodesanpedro.com.ar\/sitio\/wp-json\/wp\/v2\/posts"}],"about":[{"href":"https:\/\/eldiariodesanpedro.com.ar\/sitio\/wp-json\/wp\/v2\/types\/post"}],"author":[{"embeddable":true,"href":"https:\/\/eldiariodesanpedro.com.ar\/sitio\/wp-json\/wp\/v2\/users\/4"}],"replies":[{"embeddable":true,"href":"https:\/\/eldiariodesanpedro.com.ar\/sitio\/wp-json\/wp\/v2\/comments?post=5492"}],"version-history":[{"count":1,"href":"https:\/\/eldiariodesanpedro.com.ar\/sitio\/wp-json\/wp\/v2\/posts\/5492\/revisions"}],"predecessor-version":[{"id":5494,"href":"https:\/\/eldiariodesanpedro.com.ar\/sitio\/wp-json\/wp\/v2\/posts\/5492\/revisions\/5494"}],"wp:featuredmedia":[{"embeddable":true,"href":"https:\/\/eldiariodesanpedro.com.ar\/sitio\/wp-json\/wp\/v2\/media\/5493"}],"wp:attachment":[{"href":"https:\/\/eldiariodesanpedro.com.ar\/sitio\/wp-json\/wp\/v2\/media?parent=5492"}],"wp:term":[{"taxonomy":"category","embeddable":true,"href":"https:\/\/eldiariodesanpedro.com.ar\/sitio\/wp-json\/wp\/v2\/categories?post=5492"},{"taxonomy":"post_tag","embeddable":true,"href":"https:\/\/eldiariodesanpedro.com.ar\/sitio\/wp-json\/wp\/v2\/tags?post=5492"}],"curies":[{"name":"wp","href":"https:\/\/api.w.org\/{rel}","templated":true}]}}