{"id":54919,"date":"2019-06-22T10:01:58","date_gmt":"2019-06-22T13:01:58","guid":{"rendered":"https:\/\/eldiariodesanpedro.com.ar\/sitio\/?p=54919"},"modified":"2019-06-22T10:02:03","modified_gmt":"2019-06-22T13:02:03","slug":"escuela-no48-charla-sobre-alimentacion-y-habitos-saludables","status":"publish","type":"post","link":"https:\/\/eldiariodesanpedro.com.ar\/sitio\/escuela-no48-charla-sobre-alimentacion-y-habitos-saludables\/","title":{"rendered":"Escuela N\u00ba48: Charla sobre alimentaci\u00f3n y h\u00e1bitos saludables"},"content":{"rendered":"<!-- VideographyWP Plugin Message: Automatic video embedding prevented by plugin options. -->\n\n<p>Con el trabajo en conjunto del Centro de Salud Los Aromos y la Escuela N\u00b048 de ese mismo barrio, se realiz\u00f3 la charla sobre alimentaci\u00f3n y h\u00e1bitos saludables. <\/p>\n\n\n\n<p>En esta participaci\u00f3n estuvo a cargo la Lic. en Nutrici\u00f3n Cecilia Prego, con colaboraci\u00f3n de la enfermera Patricia Corvalan y la administrativa Karina Bueno donde se evaluaron nutricionalmente a los ni\u00f1os de 6to y 2do grado de esta instituci\u00f3n educativa.<\/p>\n\n\n\n<figure class=\"wp-block-image\"><img decoding=\"async\" width=\"960\" height=\"720\" data-attachment-id=\"54920\" data-permalink=\"https:\/\/eldiariodesanpedro.com.ar\/sitio\/escuela-no48-charla-sobre-alimentacion-y-habitos-saludables\/64866649_2307580886003240_5846170876130623488_n\/\" data-orig-file=\"https:\/\/eldiariodesanpedro.com.ar\/sitio\/wp-content\/uploads\/2019\/06\/64866649_2307580886003240_5846170876130623488_n.jpg\" data-orig-size=\"960,720\" data-comments-opened=\"1\" data-image-meta=\"{&quot;aperture&quot;:&quot;0&quot;,&quot;credit&quot;:&quot;&quot;,&quot;camera&quot;:&quot;&quot;,&quot;caption&quot;:&quot;&quot;,&quot;created_timestamp&quot;:&quot;0&quot;,&quot;copyright&quot;:&quot;&quot;,&quot;focal_length&quot;:&quot;0&quot;,&quot;iso&quot;:&quot;0&quot;,&quot;shutter_speed&quot;:&quot;0&quot;,&quot;title&quot;:&quot;&quot;,&quot;orientation&quot;:&quot;0&quot;}\" data-image-title=\"64866649_2307580886003240_5846170876130623488_n\" data-image-description=\"\" data-image-caption=\"\" data-large-file=\"https:\/\/eldiariodesanpedro.com.ar\/sitio\/wp-content\/uploads\/2019\/06\/64866649_2307580886003240_5846170876130623488_n.jpg\" data-src=\"https:\/\/eldiariodesanpedro.com.ar\/sitio\/wp-content\/uploads\/2019\/06\/64866649_2307580886003240_5846170876130623488_n.jpg\" alt=\"\" class=\"wp-image-54920 lazyload\" data-srcset=\"https:\/\/eldiariodesanpedro.com.ar\/sitio\/wp-content\/uploads\/2019\/06\/64866649_2307580886003240_5846170876130623488_n.jpg 960w, https:\/\/eldiariodesanpedro.com.ar\/sitio\/wp-content\/uploads\/2019\/06\/64866649_2307580886003240_5846170876130623488_n-300x225.jpg 300w, https:\/\/eldiariodesanpedro.com.ar\/sitio\/wp-content\/uploads\/2019\/06\/64866649_2307580886003240_5846170876130623488_n-768x576.jpg 768w\" data-sizes=\"(max-width: 960px) 100vw, 960px\" src=\"data:image\/svg+xml;base64,PHN2ZyB3aWR0aD0iMSIgaGVpZ2h0PSIxIiB4bWxucz0iaHR0cDovL3d3dy53My5vcmcvMjAwMC9zdmciPjwvc3ZnPg==\" style=\"--smush-placeholder-width: 960px; --smush-placeholder-aspect-ratio: 960\/720;\" \/><\/figure>\n","protected":false},"excerpt":{"rendered":"<p>Con el trabajo en conjunto del Centro de Salud Los Aromos y la Escuela N\u00b048 de ese mismo barrio, se realiz\u00f3 la charla sobre alimentaci\u00f3n y h\u00e1bitos saludables. En esta participaci\u00f3n estuvo a cargo la Lic. en Nutrici\u00f3n Cecilia Prego, con colaboraci\u00f3n de la enfermera Patricia Corvalan y la administrativa Karina Bueno donde se evaluaron [&hellip;]<\/p>\n","protected":false},"author":4,"featured_media":54921,"comment_status":"open","ping_status":"closed","sticky":false,"template":"","format":"standard","meta":{"om_disable_all_campaigns":false,"_jetpack_memberships_contains_paid_content":false,"footnotes":""},"categories":[101,2],"tags":[],"class_list":["post-54919","post","type-post","status-publish","format-standard","has-post-thumbnail","hentry","category-interes-general-locales","category-locales"],"aioseo_notices":[],"gutentor_comment":0,"jetpack_featured_media_url":"https:\/\/eldiariodesanpedro.com.ar\/sitio\/wp-content\/uploads\/2019\/06\/64636383_2307580952669900_5218750405579636736_n.jpg","jetpack_shortlink":"https:\/\/wp.me\/p6RhLt-ehN","jetpack_sharing_enabled":true,"_links":{"self":[{"href":"https:\/\/eldiariodesanpedro.com.ar\/sitio\/wp-json\/wp\/v2\/posts\/54919","targetHints":{"allow":["GET"]}}],"collection":[{"href":"https:\/\/eldiariodesanpedro.com.ar\/sitio\/wp-json\/wp\/v2\/posts"}],"about":[{"href":"https:\/\/eldiariodesanpedro.com.ar\/sitio\/wp-json\/wp\/v2\/types\/post"}],"author":[{"embeddable":true,"href":"https:\/\/eldiariodesanpedro.com.ar\/sitio\/wp-json\/wp\/v2\/users\/4"}],"replies":[{"embeddable":true,"href":"https:\/\/eldiariodesanpedro.com.ar\/sitio\/wp-json\/wp\/v2\/comments?post=54919"}],"version-history":[{"count":1,"href":"https:\/\/eldiariodesanpedro.com.ar\/sitio\/wp-json\/wp\/v2\/posts\/54919\/revisions"}],"predecessor-version":[{"id":54922,"href":"https:\/\/eldiariodesanpedro.com.ar\/sitio\/wp-json\/wp\/v2\/posts\/54919\/revisions\/54922"}],"wp:featuredmedia":[{"embeddable":true,"href":"https:\/\/eldiariodesanpedro.com.ar\/sitio\/wp-json\/wp\/v2\/media\/54921"}],"wp:attachment":[{"href":"https:\/\/eldiariodesanpedro.com.ar\/sitio\/wp-json\/wp\/v2\/media?parent=54919"}],"wp:term":[{"taxonomy":"category","embeddable":true,"href":"https:\/\/eldiariodesanpedro.com.ar\/sitio\/wp-json\/wp\/v2\/categories?post=54919"},{"taxonomy":"post_tag","embeddable":true,"href":"https:\/\/eldiariodesanpedro.com.ar\/sitio\/wp-json\/wp\/v2\/tags?post=54919"}],"curies":[{"name":"wp","href":"https:\/\/api.w.org\/{rel}","templated":true}]}}