{"id":54909,"date":"2019-06-21T19:08:16","date_gmt":"2019-06-21T22:08:16","guid":{"rendered":"https:\/\/eldiariodesanpedro.com.ar\/sitio\/?p=54909"},"modified":"2019-06-21T19:08:21","modified_gmt":"2019-06-21T22:08:21","slug":"el-intendente-salazar-recibio-al-secretario-de-capacitacion-de-uthgra","status":"publish","type":"post","link":"https:\/\/eldiariodesanpedro.com.ar\/sitio\/el-intendente-salazar-recibio-al-secretario-de-capacitacion-de-uthgra\/","title":{"rendered":"El Intendente Salazar recibi\u00f3 al Secretario de Capacitaci\u00f3n de UTHGRA"},"content":{"rendered":"<!-- VideographyWP Plugin Message: Automatic video embedding prevented by plugin options. -->\n\n<p>Representantes de la UTHGRA, Uni\u00f3n de Trabajadores del Turismo, Hoteleros y Gastron\u00f3micos de la Rep\u00fablica Argentina encabezados por el Secretario de Capacitaci\u00f3n del gremio Argentino Geneiro, se reunieron este viernes en la Casona de la Direcci\u00f3n de Turismo de San Pedro para definir detalles relacionados con la participaci\u00f3n las diferentes regiones del pa\u00eds en el 5\u00b0 Torneo Nacional de Cocina \u201cUTHGRA y la Educaci\u00f3n para el Trabajo\u201d que se desarrollar\u00e1 en Septiembre en Catamarca y en el nuestra regi\u00f3n tendr\u00e1 participaci\u00f3n.<\/p>\n\n\n\n<p>Aqu\u00ed, en la primera parte de la agenda prevista, revisaron cuestiones organizativas de este gran encuentro y luego en el Complejo Municipal Tiro Federal, con la participaci\u00f3n del Intendente Cecilio Salazar y la Directora de Turismo Marcela Cu\u00f1er analizaron otros temas relacionados estrictamente con nuestra zona.<\/p>\n\n\n\n<p>El representante de la UTHGRA ratific\u00f3 ante el Jefe Comunal la continuidad de la iniciativa para construir en San Pedro un Centro de Capacitaci\u00f3n Regional. El Intendente Salazar ya hab\u00eda adelantado hace tiempo la voluntad de colaborar con la b\u00fasqueda de un terreno para que el sindicato ponga en marcha esta iniciativa que generar\u00eda en el proceso de construcci\u00f3n una importante demanda laboral, y con su puesta en marcha, un polo de referencia en la formaci\u00f3n de quienes se desempe\u00f1an en la actividad.<\/p>\n\n\n\n<p>Pr\u00f3ximamente habr\u00e1 nuevas reuniones relacionadas con este tema, manteniendo una excelente relaci\u00f3n con el sindicato que en nuestro medio cuenta con un Centro de Formaci\u00f3n Profesional con m\u00faltiples opciones para quienes son parte del amplio sector de prestadores tur\u00edsticos y gastron\u00f3micos de San Pedro.<\/p>\n\n\n\n<figure class=\"wp-block-image\"><img decoding=\"async\" width=\"720\" height=\"960\" data-attachment-id=\"54915\" data-permalink=\"https:\/\/eldiariodesanpedro.com.ar\/sitio\/el-intendente-salazar-recibio-al-secretario-de-capacitacion-de-uthgra\/64988145_2307635669331095_6967794709238382592_n\/\" data-orig-file=\"https:\/\/eldiariodesanpedro.com.ar\/sitio\/wp-content\/uploads\/2019\/06\/64988145_2307635669331095_6967794709238382592_n.jpg\" data-orig-size=\"720,960\" data-comments-opened=\"1\" data-image-meta=\"{&quot;aperture&quot;:&quot;0&quot;,&quot;credit&quot;:&quot;&quot;,&quot;camera&quot;:&quot;&quot;,&quot;caption&quot;:&quot;&quot;,&quot;created_timestamp&quot;:&quot;0&quot;,&quot;copyright&quot;:&quot;&quot;,&quot;focal_length&quot;:&quot;0&quot;,&quot;iso&quot;:&quot;0&quot;,&quot;shutter_speed&quot;:&quot;0&quot;,&quot;title&quot;:&quot;&quot;,&quot;orientation&quot;:&quot;0&quot;}\" data-image-title=\"64988145_2307635669331095_6967794709238382592_n\" data-image-description=\"\" data-image-caption=\"\" data-large-file=\"https:\/\/eldiariodesanpedro.com.ar\/sitio\/wp-content\/uploads\/2019\/06\/64988145_2307635669331095_6967794709238382592_n.jpg\" data-src=\"https:\/\/eldiariodesanpedro.com.ar\/sitio\/wp-content\/uploads\/2019\/06\/64988145_2307635669331095_6967794709238382592_n.jpg\" alt=\"\" class=\"wp-image-54915 lazyload\" data-srcset=\"https:\/\/eldiariodesanpedro.com.ar\/sitio\/wp-content\/uploads\/2019\/06\/64988145_2307635669331095_6967794709238382592_n.jpg 720w, https:\/\/eldiariodesanpedro.com.ar\/sitio\/wp-content\/uploads\/2019\/06\/64988145_2307635669331095_6967794709238382592_n-225x300.jpg 225w\" data-sizes=\"(max-width: 720px) 100vw, 720px\" src=\"data:image\/svg+xml;base64,PHN2ZyB3aWR0aD0iMSIgaGVpZ2h0PSIxIiB4bWxucz0iaHR0cDovL3d3dy53My5vcmcvMjAwMC9zdmciPjwvc3ZnPg==\" style=\"--smush-placeholder-width: 720px; --smush-placeholder-aspect-ratio: 720\/960;\" \/><\/figure>\n","protected":false},"excerpt":{"rendered":"<p>Representantes de la UTHGRA, Uni\u00f3n de Trabajadores del Turismo, Hoteleros y Gastron\u00f3micos de la Rep\u00fablica Argentina encabezados por el Secretario de Capacitaci\u00f3n del gremio Argentino Geneiro, se reunieron este viernes en la Casona de la Direcci\u00f3n de Turismo de San Pedro para definir detalles relacionados con la participaci\u00f3n las diferentes regiones del pa\u00eds en el [&hellip;]<\/p>\n","protected":false},"author":4,"featured_media":54914,"comment_status":"open","ping_status":"closed","sticky":false,"template":"","format":"standard","meta":{"om_disable_all_campaigns":false,"_jetpack_memberships_contains_paid_content":false,"footnotes":""},"categories":[101,2],"tags":[],"class_list":["post-54909","post","type-post","status-publish","format-standard","has-post-thumbnail","hentry","category-interes-general-locales","category-locales"],"aioseo_notices":[],"gutentor_comment":0,"jetpack_featured_media_url":"https:\/\/eldiariodesanpedro.com.ar\/sitio\/wp-content\/uploads\/2019\/06\/64855486_2307635632664432_6418093840867000320_n.jpg","jetpack_shortlink":"https:\/\/wp.me\/p6RhLt-ehD","jetpack_sharing_enabled":true,"_links":{"self":[{"href":"https:\/\/eldiariodesanpedro.com.ar\/sitio\/wp-json\/wp\/v2\/posts\/54909","targetHints":{"allow":["GET"]}}],"collection":[{"href":"https:\/\/eldiariodesanpedro.com.ar\/sitio\/wp-json\/wp\/v2\/posts"}],"about":[{"href":"https:\/\/eldiariodesanpedro.com.ar\/sitio\/wp-json\/wp\/v2\/types\/post"}],"author":[{"embeddable":true,"href":"https:\/\/eldiariodesanpedro.com.ar\/sitio\/wp-json\/wp\/v2\/users\/4"}],"replies":[{"embeddable":true,"href":"https:\/\/eldiariodesanpedro.com.ar\/sitio\/wp-json\/wp\/v2\/comments?post=54909"}],"version-history":[{"count":1,"href":"https:\/\/eldiariodesanpedro.com.ar\/sitio\/wp-json\/wp\/v2\/posts\/54909\/revisions"}],"predecessor-version":[{"id":54916,"href":"https:\/\/eldiariodesanpedro.com.ar\/sitio\/wp-json\/wp\/v2\/posts\/54909\/revisions\/54916"}],"wp:featuredmedia":[{"embeddable":true,"href":"https:\/\/eldiariodesanpedro.com.ar\/sitio\/wp-json\/wp\/v2\/media\/54914"}],"wp:attachment":[{"href":"https:\/\/eldiariodesanpedro.com.ar\/sitio\/wp-json\/wp\/v2\/media?parent=54909"}],"wp:term":[{"taxonomy":"category","embeddable":true,"href":"https:\/\/eldiariodesanpedro.com.ar\/sitio\/wp-json\/wp\/v2\/categories?post=54909"},{"taxonomy":"post_tag","embeddable":true,"href":"https:\/\/eldiariodesanpedro.com.ar\/sitio\/wp-json\/wp\/v2\/tags?post=54909"}],"curies":[{"name":"wp","href":"https:\/\/api.w.org\/{rel}","templated":true}]}}