{"id":54880,"date":"2019-06-21T14:41:12","date_gmt":"2019-06-21T17:41:12","guid":{"rendered":"https:\/\/eldiariodesanpedro.com.ar\/sitio\/?p=54880"},"modified":"2019-06-21T15:55:18","modified_gmt":"2019-06-21T18:55:18","slug":"armas-y-nuevo-uniforme-para-el-grupo-de-apoyo-departamental-gad","status":"publish","type":"post","link":"https:\/\/eldiariodesanpedro.com.ar\/sitio\/armas-y-nuevo-uniforme-para-el-grupo-de-apoyo-departamental-gad\/","title":{"rendered":"Armas y nuevo uniforme para el Grupo de Apoyo Departamental GAD"},"content":{"rendered":"<!-- VideographyWP Plugin Message: Automatic video embedding prevented by plugin options. -->\n\n<p>Esta fuerza policial tiene m\u00e1s de una d\u00e9cada operativa y  funciona bajo las \u00f3rdenes del jefe de cada Departamental, act\u00faan y se complementan seg\u00fan las necesidades de cada caso, que van desde situaciones cotidianas a las de extrema complejidad. Son un total de m\u00e1s de 40 efectivos que prestan servicio desde Baradero hasta San Nicol\u00e1s.<\/p>\n\n\n\n<p>Seg\u00fan informaron desde el Ministerio de Seguridad bonaerense, debe existir al menos un grupo GAD por cada Jefatura Departamental.<\/p>\n\n\n\n<p>En nuestra ciudad el Comisario Cort\u00e9s es quien est\u00e1 a cargo del grupo comando con una extensi\u00f3n de la base donde requiere una guardia m\u00ednima de efectivos con fines de tener una pronta respuesta ante situaciones de violencia.<\/p>\n\n\n\n<p>Hace unos d\u00edas, les fue entregado el nuevo uniforme a todo el Grupo de Apoyo Departamental con fines de unificar la vestimenta y por primera vez,  ya otorgada por el Ministerio de Seguridad, homologar la misma junto con el nuevo escudo que se encuentra tambi\u00e9n ensamblado en las nuevas camionetas RAM.<\/p>\n\n\n\n<p>Por primera vez GAD tiene homologado su uniforme y escudo.<\/p>\n\n\n\n<ul class=\"wp-block-gallery columns-1 is-cropped wp-block-gallery-1 is-layout-flex wp-block-gallery-is-layout-flex\"><li class=\"blocks-gallery-item\"><figure><img decoding=\"async\" width=\"1024\" height=\"882\" data-attachment-id=\"54884\" data-permalink=\"https:\/\/eldiariodesanpedro.com.ar\/sitio\/armas-y-nuevo-uniforme-para-el-grupo-de-apoyo-departamental-gad\/whatsapp-image-2019-06-20-at-9-08-12-pm-1\/\" data-orig-file=\"https:\/\/eldiariodesanpedro.com.ar\/sitio\/wp-content\/uploads\/2019\/06\/WhatsApp-Image-2019-06-20-at-9.08.12-PM-1.jpeg\" data-orig-size=\"1125,969\" data-comments-opened=\"1\" data-image-meta=\"{&quot;aperture&quot;:&quot;0&quot;,&quot;credit&quot;:&quot;&quot;,&quot;camera&quot;:&quot;&quot;,&quot;caption&quot;:&quot;&quot;,&quot;created_timestamp&quot;:&quot;0&quot;,&quot;copyright&quot;:&quot;&quot;,&quot;focal_length&quot;:&quot;0&quot;,&quot;iso&quot;:&quot;0&quot;,&quot;shutter_speed&quot;:&quot;0&quot;,&quot;title&quot;:&quot;&quot;,&quot;orientation&quot;:&quot;0&quot;}\" data-image-title=\"WhatsApp Image 2019-06-20 at 9.08.12 PM (1)\" data-image-description=\"\" data-image-caption=\"\" data-large-file=\"https:\/\/eldiariodesanpedro.com.ar\/sitio\/wp-content\/uploads\/2019\/06\/WhatsApp-Image-2019-06-20-at-9.08.12-PM-1-1024x882.jpeg\" data-src=\"https:\/\/eldiariodesanpedro.com.ar\/sitio\/wp-content\/uploads\/2019\/06\/WhatsApp-Image-2019-06-20-at-9.08.12-PM-1-1024x882.jpeg\" alt=\"\" data-id=\"54884\" data-link=\"https:\/\/eldiariodesanpedro.com.ar\/sitio\/?attachment_id=54884\" class=\"wp-image-54884 lazyload\" data-srcset=\"https:\/\/eldiariodesanpedro.com.ar\/sitio\/wp-content\/uploads\/2019\/06\/WhatsApp-Image-2019-06-20-at-9.08.12-PM-1-1024x882.jpeg 1024w, https:\/\/eldiariodesanpedro.com.ar\/sitio\/wp-content\/uploads\/2019\/06\/WhatsApp-Image-2019-06-20-at-9.08.12-PM-1-300x258.jpeg 300w, https:\/\/eldiariodesanpedro.com.ar\/sitio\/wp-content\/uploads\/2019\/06\/WhatsApp-Image-2019-06-20-at-9.08.12-PM-1-768x662.jpeg 768w, https:\/\/eldiariodesanpedro.com.ar\/sitio\/wp-content\/uploads\/2019\/06\/WhatsApp-Image-2019-06-20-at-9.08.12-PM-1.jpeg 1125w\" data-sizes=\"(max-width: 1024px) 100vw, 1024px\" src=\"data:image\/svg+xml;base64,PHN2ZyB3aWR0aD0iMSIgaGVpZ2h0PSIxIiB4bWxucz0iaHR0cDovL3d3dy53My5vcmcvMjAwMC9zdmciPjwvc3ZnPg==\" style=\"--smush-placeholder-width: 1024px; --smush-placeholder-aspect-ratio: 1024\/882;\" \/><\/figure><\/li><\/ul>\n\n\n\n<p>Adem\u00e1s se entreg\u00f3  KIT RONIN un nuevo equipamiento de precisi\u00f3n , con mira telescopica, punto rojo, linterna de gran alcance y pistolas Bersa lo que convierte en un subfusil el armamento reemplazando a la antigua UZI. <\/p>\n\n\n\n<ul class=\"wp-block-gallery columns-1 is-cropped wp-block-gallery-2 is-layout-flex wp-block-gallery-is-layout-flex\"><li class=\"blocks-gallery-item\"><figure><img decoding=\"async\" width=\"1024\" height=\"562\" data-attachment-id=\"54885\" data-permalink=\"https:\/\/eldiariodesanpedro.com.ar\/sitio\/armas-y-nuevo-uniforme-para-el-grupo-de-apoyo-departamental-gad\/whatsapp-image-2019-06-20-at-9-08-12-pm\/\" data-orig-file=\"https:\/\/eldiariodesanpedro.com.ar\/sitio\/wp-content\/uploads\/2019\/06\/WhatsApp-Image-2019-06-20-at-9.08.12-PM.jpeg\" data-orig-size=\"1280,702\" data-comments-opened=\"1\" data-image-meta=\"{&quot;aperture&quot;:&quot;0&quot;,&quot;credit&quot;:&quot;&quot;,&quot;camera&quot;:&quot;&quot;,&quot;caption&quot;:&quot;&quot;,&quot;created_timestamp&quot;:&quot;0&quot;,&quot;copyright&quot;:&quot;&quot;,&quot;focal_length&quot;:&quot;0&quot;,&quot;iso&quot;:&quot;0&quot;,&quot;shutter_speed&quot;:&quot;0&quot;,&quot;title&quot;:&quot;&quot;,&quot;orientation&quot;:&quot;0&quot;}\" data-image-title=\"WhatsApp Image 2019-06-20 at 9.08.12 PM\" data-image-description=\"\" data-image-caption=\"\" data-large-file=\"https:\/\/eldiariodesanpedro.com.ar\/sitio\/wp-content\/uploads\/2019\/06\/WhatsApp-Image-2019-06-20-at-9.08.12-PM-1024x562.jpeg\" data-src=\"https:\/\/eldiariodesanpedro.com.ar\/sitio\/wp-content\/uploads\/2019\/06\/WhatsApp-Image-2019-06-20-at-9.08.12-PM-1024x562.jpeg\" alt=\"\" data-id=\"54885\" data-link=\"https:\/\/eldiariodesanpedro.com.ar\/sitio\/?attachment_id=54885\" class=\"wp-image-54885 lazyload\" data-srcset=\"https:\/\/eldiariodesanpedro.com.ar\/sitio\/wp-content\/uploads\/2019\/06\/WhatsApp-Image-2019-06-20-at-9.08.12-PM-1024x562.jpeg 1024w, https:\/\/eldiariodesanpedro.com.ar\/sitio\/wp-content\/uploads\/2019\/06\/WhatsApp-Image-2019-06-20-at-9.08.12-PM-300x165.jpeg 300w, https:\/\/eldiariodesanpedro.com.ar\/sitio\/wp-content\/uploads\/2019\/06\/WhatsApp-Image-2019-06-20-at-9.08.12-PM-768x421.jpeg 768w, https:\/\/eldiariodesanpedro.com.ar\/sitio\/wp-content\/uploads\/2019\/06\/WhatsApp-Image-2019-06-20-at-9.08.12-PM.jpeg 1280w\" data-sizes=\"(max-width: 1024px) 100vw, 1024px\" src=\"data:image\/svg+xml;base64,PHN2ZyB3aWR0aD0iMSIgaGVpZ2h0PSIxIiB4bWxucz0iaHR0cDovL3d3dy53My5vcmcvMjAwMC9zdmciPjwvc3ZnPg==\" style=\"--smush-placeholder-width: 1024px; --smush-placeholder-aspect-ratio: 1024\/562;\" \/><\/figure><\/li><\/ul>\n\n\n\n<p>Hace un a\u00f1o atr\u00e1s,  el Ministerio de Seguridad de la Provincia hizo entrega de camionetas Dodge RAM para el desarrollo de sus tareas. Fueron 34 entregadas en toda la provincia de Bs As.<\/p>\n\n\n\n<p>La unidad se encuentra totalmente equipada, blindada, con rejillas que cubren las \u00f3pticas, c\u00fapula de lona, y m\u00e1s. <\/p>\n\n\n\n<p>La unidad 0km fue muy bien recibida por el GAD, ya que fueron las primeras que adquieren despu\u00e9s de 12 a\u00f1os de servicio.<\/p>\n\n\n\n<ul class=\"wp-block-gallery columns-2 is-cropped wp-block-gallery-3 is-layout-flex wp-block-gallery-is-layout-flex\"><li class=\"blocks-gallery-item\"><figure><img decoding=\"async\" width=\"720\" height=\"350\" data-attachment-id=\"54888\" data-permalink=\"https:\/\/eldiariodesanpedro.com.ar\/sitio\/armas-y-nuevo-uniforme-para-el-grupo-de-apoyo-departamental-gad\/fb_img_1561138451569\/\" data-orig-file=\"https:\/\/eldiariodesanpedro.com.ar\/sitio\/wp-content\/uploads\/2019\/06\/FB_IMG_1561138451569.jpg\" data-orig-size=\"720,350\" data-comments-opened=\"1\" data-image-meta=\"{&quot;aperture&quot;:&quot;0&quot;,&quot;credit&quot;:&quot;&quot;,&quot;camera&quot;:&quot;&quot;,&quot;caption&quot;:&quot;&quot;,&quot;created_timestamp&quot;:&quot;0&quot;,&quot;copyright&quot;:&quot;&quot;,&quot;focal_length&quot;:&quot;0&quot;,&quot;iso&quot;:&quot;0&quot;,&quot;shutter_speed&quot;:&quot;0&quot;,&quot;title&quot;:&quot;&quot;,&quot;orientation&quot;:&quot;0&quot;}\" data-image-title=\"FB_IMG_1561138451569\" data-image-description=\"\" data-image-caption=\"\" data-large-file=\"https:\/\/eldiariodesanpedro.com.ar\/sitio\/wp-content\/uploads\/2019\/06\/FB_IMG_1561138451569.jpg\" data-src=\"https:\/\/eldiariodesanpedro.com.ar\/sitio\/wp-content\/uploads\/2019\/06\/FB_IMG_1561138451569.jpg\" alt=\"\" data-id=\"54888\" data-link=\"https:\/\/eldiariodesanpedro.com.ar\/sitio\/?attachment_id=54888\" class=\"wp-image-54888 lazyload\" data-srcset=\"https:\/\/eldiariodesanpedro.com.ar\/sitio\/wp-content\/uploads\/2019\/06\/FB_IMG_1561138451569.jpg 720w, https:\/\/eldiariodesanpedro.com.ar\/sitio\/wp-content\/uploads\/2019\/06\/FB_IMG_1561138451569-300x146.jpg 300w\" data-sizes=\"(max-width: 720px) 100vw, 720px\" src=\"data:image\/svg+xml;base64,PHN2ZyB3aWR0aD0iMSIgaGVpZ2h0PSIxIiB4bWxucz0iaHR0cDovL3d3dy53My5vcmcvMjAwMC9zdmciPjwvc3ZnPg==\" style=\"--smush-placeholder-width: 720px; --smush-placeholder-aspect-ratio: 720\/350;\" \/><\/figure><\/li><li class=\"blocks-gallery-item\"><figure><img decoding=\"async\" width=\"720\" height=\"350\" data-attachment-id=\"54889\" data-permalink=\"https:\/\/eldiariodesanpedro.com.ar\/sitio\/armas-y-nuevo-uniforme-para-el-grupo-de-apoyo-departamental-gad\/fb_img_1561138439695-2\/\" data-orig-file=\"https:\/\/eldiariodesanpedro.com.ar\/sitio\/wp-content\/uploads\/2019\/06\/FB_IMG_1561138439695-1.jpg\" data-orig-size=\"720,350\" data-comments-opened=\"1\" data-image-meta=\"{&quot;aperture&quot;:&quot;0&quot;,&quot;credit&quot;:&quot;&quot;,&quot;camera&quot;:&quot;&quot;,&quot;caption&quot;:&quot;&quot;,&quot;created_timestamp&quot;:&quot;0&quot;,&quot;copyright&quot;:&quot;&quot;,&quot;focal_length&quot;:&quot;0&quot;,&quot;iso&quot;:&quot;0&quot;,&quot;shutter_speed&quot;:&quot;0&quot;,&quot;title&quot;:&quot;&quot;,&quot;orientation&quot;:&quot;0&quot;}\" data-image-title=\"FB_IMG_1561138439695\" data-image-description=\"\" data-image-caption=\"\" data-large-file=\"https:\/\/eldiariodesanpedro.com.ar\/sitio\/wp-content\/uploads\/2019\/06\/FB_IMG_1561138439695-1.jpg\" data-src=\"https:\/\/eldiariodesanpedro.com.ar\/sitio\/wp-content\/uploads\/2019\/06\/FB_IMG_1561138439695-1.jpg\" alt=\"\" data-id=\"54889\" data-link=\"https:\/\/eldiariodesanpedro.com.ar\/sitio\/?attachment_id=54889\" class=\"wp-image-54889 lazyload\" data-srcset=\"https:\/\/eldiariodesanpedro.com.ar\/sitio\/wp-content\/uploads\/2019\/06\/FB_IMG_1561138439695-1.jpg 720w, https:\/\/eldiariodesanpedro.com.ar\/sitio\/wp-content\/uploads\/2019\/06\/FB_IMG_1561138439695-1-300x146.jpg 300w\" data-sizes=\"(max-width: 720px) 100vw, 720px\" src=\"data:image\/svg+xml;base64,PHN2ZyB3aWR0aD0iMSIgaGVpZ2h0PSIxIiB4bWxucz0iaHR0cDovL3d3dy53My5vcmcvMjAwMC9zdmciPjwvc3ZnPg==\" style=\"--smush-placeholder-width: 720px; --smush-placeholder-aspect-ratio: 720\/350;\" \/><\/figure><\/li><\/ul>\n\n\n\n<p>El Grupo de Apoyo Departamental cumplen con un plan de entrenamiento que abarca defensa personal, tiro y operaciones especiales.<\/p>\n\n\n\n<p>Son grupos de intervenci\u00f3n policial multifac\u00e9ticos. Est\u00e1n entrenados para actuar como una unidad antidisturbios, en recorridos de prevenci\u00f3n urbana y como equipo t\u00e1ctico de asalto.<\/p>\n\n\n\n<p>Colaboran en allanamientos, desalojos, patrullajes, inspecciones de calabozos, traslados de detenidos, tomas de rehenes y en servicios de prevenci\u00f3n, especialmente en manifestaciones o eventos de concurrencia masiva, como espect\u00e1culos deportivos y recitales.<\/p>\n\n\n\n<ul class=\"wp-block-gallery columns-1 is-cropped wp-block-gallery-4 is-layout-flex wp-block-gallery-is-layout-flex\"><li class=\"blocks-gallery-item\"><figure><img decoding=\"async\" width=\"1024\" height=\"393\" data-attachment-id=\"54890\" data-permalink=\"https:\/\/eldiariodesanpedro.com.ar\/sitio\/armas-y-nuevo-uniforme-para-el-grupo-de-apoyo-departamental-gad\/img-20190620-wa0098\/\" data-orig-file=\"https:\/\/eldiariodesanpedro.com.ar\/sitio\/wp-content\/uploads\/2019\/06\/IMG-20190620-WA0098.jpg\" data-orig-size=\"1105,424\" data-comments-opened=\"1\" data-image-meta=\"{&quot;aperture&quot;:&quot;0&quot;,&quot;credit&quot;:&quot;&quot;,&quot;camera&quot;:&quot;&quot;,&quot;caption&quot;:&quot;&quot;,&quot;created_timestamp&quot;:&quot;0&quot;,&quot;copyright&quot;:&quot;&quot;,&quot;focal_length&quot;:&quot;0&quot;,&quot;iso&quot;:&quot;0&quot;,&quot;shutter_speed&quot;:&quot;0&quot;,&quot;title&quot;:&quot;&quot;,&quot;orientation&quot;:&quot;0&quot;}\" data-image-title=\"IMG-20190620-WA0098\" data-image-description=\"\" data-image-caption=\"\" data-large-file=\"https:\/\/eldiariodesanpedro.com.ar\/sitio\/wp-content\/uploads\/2019\/06\/IMG-20190620-WA0098-1024x393.jpg\" data-src=\"https:\/\/eldiariodesanpedro.com.ar\/sitio\/wp-content\/uploads\/2019\/06\/IMG-20190620-WA0098-1024x393.jpg\" alt=\"\" data-id=\"54890\" data-link=\"https:\/\/eldiariodesanpedro.com.ar\/sitio\/?attachment_id=54890\" class=\"wp-image-54890 lazyload\" data-srcset=\"https:\/\/eldiariodesanpedro.com.ar\/sitio\/wp-content\/uploads\/2019\/06\/IMG-20190620-WA0098-1024x393.jpg 1024w, https:\/\/eldiariodesanpedro.com.ar\/sitio\/wp-content\/uploads\/2019\/06\/IMG-20190620-WA0098-300x115.jpg 300w, https:\/\/eldiariodesanpedro.com.ar\/sitio\/wp-content\/uploads\/2019\/06\/IMG-20190620-WA0098-768x295.jpg 768w, https:\/\/eldiariodesanpedro.com.ar\/sitio\/wp-content\/uploads\/2019\/06\/IMG-20190620-WA0098.jpg 1105w\" data-sizes=\"(max-width: 1024px) 100vw, 1024px\" src=\"data:image\/svg+xml;base64,PHN2ZyB3aWR0aD0iMSIgaGVpZ2h0PSIxIiB4bWxucz0iaHR0cDovL3d3dy53My5vcmcvMjAwMC9zdmciPjwvc3ZnPg==\" style=\"--smush-placeholder-width: 1024px; --smush-placeholder-aspect-ratio: 1024\/393;\" \/><\/figure><\/li><\/ul>\n\n\n\n<p> <\/p>\n\n\n\n<p><br><br><\/p>\n","protected":false},"excerpt":{"rendered":"<p>Esta fuerza policial tiene m\u00e1s de una d\u00e9cada operativa y funciona bajo las \u00f3rdenes del jefe de cada Departamental, act\u00faan y se complementan seg\u00fan las necesidades de cada caso, que van desde situaciones cotidianas a las de extrema complejidad. Son un total de m\u00e1s de 40 efectivos que prestan servicio desde Baradero hasta San Nicol\u00e1s. [&hellip;]<\/p>\n","protected":false},"author":4,"featured_media":54885,"comment_status":"open","ping_status":"closed","sticky":false,"template":"","format":"standard","meta":{"om_disable_all_campaigns":false,"_jetpack_memberships_contains_paid_content":false,"footnotes":""},"categories":[50,2,103],"tags":[],"class_list":["post-54880","post","type-post","status-publish","format-standard","has-post-thumbnail","hentry","category-destacadas","category-locales","category-policiales-locales"],"aioseo_notices":[],"gutentor_comment":1,"jetpack_featured_media_url":"https:\/\/eldiariodesanpedro.com.ar\/sitio\/wp-content\/uploads\/2019\/06\/WhatsApp-Image-2019-06-20-at-9.08.12-PM.jpeg","jetpack_shortlink":"https:\/\/wp.me\/p6RhLt-eha","jetpack_sharing_enabled":true,"_links":{"self":[{"href":"https:\/\/eldiariodesanpedro.com.ar\/sitio\/wp-json\/wp\/v2\/posts\/54880","targetHints":{"allow":["GET"]}}],"collection":[{"href":"https:\/\/eldiariodesanpedro.com.ar\/sitio\/wp-json\/wp\/v2\/posts"}],"about":[{"href":"https:\/\/eldiariodesanpedro.com.ar\/sitio\/wp-json\/wp\/v2\/types\/post"}],"author":[{"embeddable":true,"href":"https:\/\/eldiariodesanpedro.com.ar\/sitio\/wp-json\/wp\/v2\/users\/4"}],"replies":[{"embeddable":true,"href":"https:\/\/eldiariodesanpedro.com.ar\/sitio\/wp-json\/wp\/v2\/comments?post=54880"}],"version-history":[{"count":5,"href":"https:\/\/eldiariodesanpedro.com.ar\/sitio\/wp-json\/wp\/v2\/posts\/54880\/revisions"}],"predecessor-version":[{"id":54895,"href":"https:\/\/eldiariodesanpedro.com.ar\/sitio\/wp-json\/wp\/v2\/posts\/54880\/revisions\/54895"}],"wp:featuredmedia":[{"embeddable":true,"href":"https:\/\/eldiariodesanpedro.com.ar\/sitio\/wp-json\/wp\/v2\/media\/54885"}],"wp:attachment":[{"href":"https:\/\/eldiariodesanpedro.com.ar\/sitio\/wp-json\/wp\/v2\/media?parent=54880"}],"wp:term":[{"taxonomy":"category","embeddable":true,"href":"https:\/\/eldiariodesanpedro.com.ar\/sitio\/wp-json\/wp\/v2\/categories?post=54880"},{"taxonomy":"post_tag","embeddable":true,"href":"https:\/\/eldiariodesanpedro.com.ar\/sitio\/wp-json\/wp\/v2\/tags?post=54880"}],"curies":[{"name":"wp","href":"https:\/\/api.w.org\/{rel}","templated":true}]}}