{"id":54876,"date":"2019-06-21T11:22:56","date_gmt":"2019-06-21T14:22:56","guid":{"rendered":"https:\/\/eldiariodesanpedro.com.ar\/sitio\/?p=54876"},"modified":"2019-06-21T11:23:00","modified_gmt":"2019-06-21T14:23:00","slug":"zarate-la-ciudad-tendra-nueva-empresa-para-la-recoleccion-de-residuos","status":"publish","type":"post","link":"https:\/\/eldiariodesanpedro.com.ar\/sitio\/zarate-la-ciudad-tendra-nueva-empresa-para-la-recoleccion-de-residuos\/","title":{"rendered":"Z\u00c1RATE: La ciudad tendr\u00e1 nueva empresa para la recolecci\u00f3n de residuos"},"content":{"rendered":"<!-- VideographyWP Plugin Message: Automatic video embedding prevented by plugin options. -->\n\n<p>El mi\u00e9rcoles el HCD aprob\u00f3 el pliego para la licitaci\u00f3n para que una nueva empresa se haga cargo de la recolecci\u00f3n de residuos en los barrios de la localidad. Hasta julio Agrot\u00e9cnica Fueguina seguir\u00e1 prestando servicio normalmente.<\/p>\n\n\n\n<p>\u00abLa empresa Agrot\u00e9cnica Fueguina no est\u00e1 trabajando bien, el contrato se vence el mes que viene y necesit\u00e1bamos dar al Ejecutivo la herramienta para una nueva adjudicaci\u00f3n, valida por 5 a\u00f1os\u00bb, explic\u00f3 Laura Alleman, Pte. del Bloque de Concejales de Nuevo Z\u00e1rate.<\/p>\n\n\n\n<p>\u00abEntre los requisitos, la empresa que se presente deber\u00e1 tener camiones 0Km y ubicaci\u00f3n GPS, para controlar en d\u00f3nde se encuentran trabajando. Adem\u00e1s se incluir\u00e1n 26 barrios m\u00e1s en la n\u00f3mina de recolecci\u00f3n\u00bb, detall\u00f3.<\/p>\n\n\n\n<p>El servicio en la localidad viene desde hace meses en situaci\u00f3n alarmante, en marzo la ciudad estuvo por m\u00e1s de una semana sin recolecci\u00f3n, ya que desde el gremio aseguraban que \u00abno hab\u00eda condiciones dignas de trabajo\u00bb y adem\u00e1s,\u00a0no recib\u00edan el pago de sueldos.<\/p>\n\n\n\n<p><strong>Fuente:&nbsp;<\/strong>Noticias Z\u00e1rate Alerta&nbsp;<\/p>\n","protected":false},"excerpt":{"rendered":"<p>El mi\u00e9rcoles el HCD aprob\u00f3 el pliego para la licitaci\u00f3n para que una nueva empresa se haga cargo de la recolecci\u00f3n de residuos en los barrios de la localidad. Hasta julio Agrot\u00e9cnica Fueguina seguir\u00e1 prestando servicio normalmente. \u00abLa empresa Agrot\u00e9cnica Fueguina no est\u00e1 trabajando bien, el contrato se vence el mes que viene y necesit\u00e1bamos [&hellip;]<\/p>\n","protected":false},"author":4,"featured_media":54877,"comment_status":"open","ping_status":"closed","sticky":false,"template":"","format":"standard","meta":{"om_disable_all_campaigns":false,"_jetpack_memberships_contains_paid_content":false,"footnotes":""},"categories":[621],"tags":[],"class_list":["post-54876","post","type-post","status-publish","format-standard","has-post-thumbnail","hentry","category-regionales"],"aioseo_notices":[],"gutentor_comment":0,"jetpack_featured_media_url":"https:\/\/eldiariodesanpedro.com.ar\/sitio\/wp-content\/uploads\/2019\/06\/camion-de-agrotecnica-fueguina-6-1024x683.jpg","jetpack_shortlink":"https:\/\/wp.me\/p6RhLt-eh6","jetpack_sharing_enabled":true,"_links":{"self":[{"href":"https:\/\/eldiariodesanpedro.com.ar\/sitio\/wp-json\/wp\/v2\/posts\/54876","targetHints":{"allow":["GET"]}}],"collection":[{"href":"https:\/\/eldiariodesanpedro.com.ar\/sitio\/wp-json\/wp\/v2\/posts"}],"about":[{"href":"https:\/\/eldiariodesanpedro.com.ar\/sitio\/wp-json\/wp\/v2\/types\/post"}],"author":[{"embeddable":true,"href":"https:\/\/eldiariodesanpedro.com.ar\/sitio\/wp-json\/wp\/v2\/users\/4"}],"replies":[{"embeddable":true,"href":"https:\/\/eldiariodesanpedro.com.ar\/sitio\/wp-json\/wp\/v2\/comments?post=54876"}],"version-history":[{"count":1,"href":"https:\/\/eldiariodesanpedro.com.ar\/sitio\/wp-json\/wp\/v2\/posts\/54876\/revisions"}],"predecessor-version":[{"id":54878,"href":"https:\/\/eldiariodesanpedro.com.ar\/sitio\/wp-json\/wp\/v2\/posts\/54876\/revisions\/54878"}],"wp:featuredmedia":[{"embeddable":true,"href":"https:\/\/eldiariodesanpedro.com.ar\/sitio\/wp-json\/wp\/v2\/media\/54877"}],"wp:attachment":[{"href":"https:\/\/eldiariodesanpedro.com.ar\/sitio\/wp-json\/wp\/v2\/media?parent=54876"}],"wp:term":[{"taxonomy":"category","embeddable":true,"href":"https:\/\/eldiariodesanpedro.com.ar\/sitio\/wp-json\/wp\/v2\/categories?post=54876"},{"taxonomy":"post_tag","embeddable":true,"href":"https:\/\/eldiariodesanpedro.com.ar\/sitio\/wp-json\/wp\/v2\/tags?post=54876"}],"curies":[{"name":"wp","href":"https:\/\/api.w.org\/{rel}","templated":true}]}}