{"id":54873,"date":"2019-06-21T11:20:34","date_gmt":"2019-06-21T14:20:34","guid":{"rendered":"https:\/\/eldiariodesanpedro.com.ar\/sitio\/?p=54873"},"modified":"2019-06-21T11:20:38","modified_gmt":"2019-06-21T14:20:38","slug":"arrecifes-denuncian-a-un-policia-que-baleo-el-auto-de-un-joven","status":"publish","type":"post","link":"https:\/\/eldiariodesanpedro.com.ar\/sitio\/arrecifes-denuncian-a-un-policia-que-baleo-el-auto-de-un-joven\/","title":{"rendered":"ARRECIFES: Denuncian a un polic\u00eda que bale\u00f3 el auto de un joven"},"content":{"rendered":"<!-- VideographyWP Plugin Message: Automatic video embedding prevented by plugin options. -->\n\n<p>El abogado Sebasti\u00e1n F\u00e9lix habl\u00f3 este mi\u00e9rcoles en Radio Uno (107.1) sobre la grave situaci\u00f3n que le toc\u00f3 vivir a una pareja de j\u00f3venes que circulaba en un auto en la madrugada del martes.<\/p>\n\n\n\n<p>\u00abEran aproximadamente las dos de la ma\u00f1ana cuando un joven de la ciudad de Salto circulaba en un Gol Trend junto a una chica de Arrecifes a la que iba a llevar a su casa, en barrio El Lago. Transitando por calle C\u00f3rdoba y Juan XXIII, un Fiat Uno de color blanco se les cruza delante impidi\u00e9ndole el paso y se bajan dos sujetos armados, apunt\u00e1ndolos y pidi\u00e9ndoles que desciendan del veh\u00edculo. El chico se asusta, pensando que quer\u00edan robarle, esquiva el Uno y huye en direcci\u00f3n al domicilio de la chica, cuando recibe un disparo de arma de fuego en la parte trasera del Gol; pero no se detiene all\u00ed imaginando que, si lo hac\u00eda, los sujetos pod\u00edan meterse en la casa.<\/p>\n\n\n\n<p>Dobla en la esquina siguiente y se encuentra con un m\u00f3vil policial, por lo que se detiene a pedir ayuda. Pero al hacerlo, los efectivos policiales lo tiran al piso y lo esposan. All\u00ed llegan los que iban en el Fiat que los hab\u00eda interceptado y uno de ellos lo patea en el piso, peg\u00e1ndole en un brazo y en la zona costal\u00bb.<\/p>\n\n\n\n<p>\u00abAh\u00ed se enteran que quienes lo hab\u00edan parado eran tambi\u00e9n polic\u00edas, en un auto no identificado como tal y sin uniformes. Tampoco en ning\u00fan momento se identificaron como polic\u00edas\u00bb, continu\u00f3 detallando el Dr. F\u00e9lix.<\/p>\n\n\n\n<p>\u00abA los chicos los detuvieron por desobediencia y resistencia a la autoridad y los llevaron al Hospital Municipal, donde no cumplieron con el protocolo de revisaci\u00f3n m\u00e9dica. S\u00f3lo le preguntaron si hab\u00eda sido golpeado y el chico dijo que no, por miedo, intimidado por el personal policial. Luego, obviamente, lo dejaron en libertad porque no hab\u00eda hecho nada. Es una locura que pudo terminar en una tragedia; solo por cent\u00edmetros no alcanzaron a uno de los dos j\u00f3venes con el balazo\u00bb, sigui\u00f3 contando el abogado.<\/p>\n\n\n\n<p>\u00abAl auto lo requisaron y no encontraron absolutamente nada, porque no ten\u00edan nada extra\u00f1o. Al contrario, la billetera que el chico ten\u00eda dentro del auto desapareci\u00f3. Cuando fuimos a buscarla ya no estaba\u00bb, a\u00f1adi\u00f3.<\/p>\n\n\n\n<p>\u00abRealizamos la correspondiente denuncia en Ayudant\u00eda Fiscal y se identific\u00f3 al polic\u00eda que efectu\u00f3 el disparo y que agredi\u00f3 al joven sin ning\u00fan motivo. La Fiscal\u00eda ahora orden\u00f3 que se pericie el auto baleado por personal que no sea de polic\u00eda. La \u00fanica infracci\u00f3n impuesta hasta el momento es por supuestos ruidos molestos. Esperemos que se tome alguna medida para con estos dos efectivos porque es muy grave lo que sucedi\u00f3. Sabemos que el oficial que cometi\u00f3 esos excesos hace 15 d\u00edas que est\u00e1 trabajando en Arrecifes; \u00e9l mismo lo confes\u00f3 tratando luego de exculparse\u00bb, cerr\u00f3 F\u00e9lix.<\/p>\n\n\n\n<p><br><\/p>\n","protected":false},"excerpt":{"rendered":"<p>El abogado Sebasti\u00e1n F\u00e9lix habl\u00f3 este mi\u00e9rcoles en Radio Uno (107.1) sobre la grave situaci\u00f3n que le toc\u00f3 vivir a una pareja de j\u00f3venes que circulaba en un auto en la madrugada del martes. \u00abEran aproximadamente las dos de la ma\u00f1ana cuando un joven de la ciudad de Salto circulaba en un Gol Trend junto [&hellip;]<\/p>\n","protected":false},"author":4,"featured_media":54874,"comment_status":"open","ping_status":"closed","sticky":false,"template":"","format":"standard","meta":{"om_disable_all_campaigns":false,"_jetpack_memberships_contains_paid_content":false,"footnotes":""},"categories":[621],"tags":[],"class_list":["post-54873","post","type-post","status-publish","format-standard","has-post-thumbnail","hentry","category-regionales"],"aioseo_notices":[],"gutentor_comment":0,"jetpack_featured_media_url":"https:\/\/eldiariodesanpedro.com.ar\/sitio\/wp-content\/uploads\/2019\/06\/Auto-Baleado.jpeg","jetpack_shortlink":"https:\/\/wp.me\/p6RhLt-eh3","jetpack_sharing_enabled":true,"_links":{"self":[{"href":"https:\/\/eldiariodesanpedro.com.ar\/sitio\/wp-json\/wp\/v2\/posts\/54873","targetHints":{"allow":["GET"]}}],"collection":[{"href":"https:\/\/eldiariodesanpedro.com.ar\/sitio\/wp-json\/wp\/v2\/posts"}],"about":[{"href":"https:\/\/eldiariodesanpedro.com.ar\/sitio\/wp-json\/wp\/v2\/types\/post"}],"author":[{"embeddable":true,"href":"https:\/\/eldiariodesanpedro.com.ar\/sitio\/wp-json\/wp\/v2\/users\/4"}],"replies":[{"embeddable":true,"href":"https:\/\/eldiariodesanpedro.com.ar\/sitio\/wp-json\/wp\/v2\/comments?post=54873"}],"version-history":[{"count":1,"href":"https:\/\/eldiariodesanpedro.com.ar\/sitio\/wp-json\/wp\/v2\/posts\/54873\/revisions"}],"predecessor-version":[{"id":54875,"href":"https:\/\/eldiariodesanpedro.com.ar\/sitio\/wp-json\/wp\/v2\/posts\/54873\/revisions\/54875"}],"wp:featuredmedia":[{"embeddable":true,"href":"https:\/\/eldiariodesanpedro.com.ar\/sitio\/wp-json\/wp\/v2\/media\/54874"}],"wp:attachment":[{"href":"https:\/\/eldiariodesanpedro.com.ar\/sitio\/wp-json\/wp\/v2\/media?parent=54873"}],"wp:term":[{"taxonomy":"category","embeddable":true,"href":"https:\/\/eldiariodesanpedro.com.ar\/sitio\/wp-json\/wp\/v2\/categories?post=54873"},{"taxonomy":"post_tag","embeddable":true,"href":"https:\/\/eldiariodesanpedro.com.ar\/sitio\/wp-json\/wp\/v2\/tags?post=54873"}],"curies":[{"name":"wp","href":"https:\/\/api.w.org\/{rel}","templated":true}]}}