{"id":54860,"date":"2019-06-21T11:18:01","date_gmt":"2019-06-21T14:18:01","guid":{"rendered":"https:\/\/eldiariodesanpedro.com.ar\/sitio\/?p=54860"},"modified":"2019-06-21T11:18:06","modified_gmt":"2019-06-21T14:18:06","slug":"ramallo-la-nueva-propuesta-de-fiplasto-y-la-reaccion-de-los-trabajadores","status":"publish","type":"post","link":"https:\/\/eldiariodesanpedro.com.ar\/sitio\/ramallo-la-nueva-propuesta-de-fiplasto-y-la-reaccion-de-los-trabajadores\/","title":{"rendered":"RAMALLO: La nueva propuesta de Fiplasto y la reacci\u00f3n de los trabajadores"},"content":{"rendered":"<!-- VideographyWP Plugin Message: Automatic video embedding prevented by plugin options. -->\n\n<p>El abogado Sebasti\u00e1n F\u00e9lix habl\u00f3 este mi\u00e9rcoles en Radio Uno (107.1) sobre la grave situaci\u00f3n que le toc\u00f3 vivir a una pareja de j\u00f3venes que circulaba en un auto en la madrugada del martes. <\/p>\n\n\n\n<p>Juan Silenzo, dirigente gremial al frente de la lucha de los trabajadores de la empresa por mejorar sus condiciones laborales en medio de una suspensi\u00f3n inminente, habl\u00f3 con Ramallo Informa para comunicar la decisi\u00f3n de los compa\u00f1eros.<\/p>\n\n\n\n<p>\u201cEl lunes hubo una asamblea en la que no se aprob\u00f3 lo que ofrec\u00eda la empresa porque nos e llegaba a lo que pretend\u00edamos de m\u00ednima\u201d, dijo el secretario gremial.<\/p>\n\n\n\n<p>\u201cNos ofrecieron pagar un 70% del sueldo neto y bajar la cantidad de d\u00edas de suspensi\u00f3n de 10 a 7 d\u00edas mensuales durante un trimestre\u201d, aclar\u00f3, \u201cy la gente lo que pretende es tratar de que no se lo suspenda. Y si la suspensi\u00f3n es inevitable, que se pague el 80% pero con todos afuera, o sea, nadie trabajando. Ni los que est\u00e1n fuera de convenio ni de la compa\u00f1\u00eda, mientras nosotros pagamos el pato\u201d.<\/p>\n\n\n\n<p>En caso de no llegar a un acuerdo, \u201cel Ministerio de Trabajo deber\u00eda dictaminar si le aprueba o no la crisis que argumenta la empresa. Si se la avala, podr\u00eda llegar a suspender\u201d, manifest\u00f3 el gremialista.<\/p>\n\n\n\n<p>Recordemos que Fiplasto acus\u00f3 una merma significativa en las ventas y solicit\u00f3 ante el Ministerio de Trabajo una medida preventiva, tras atrasarse dos d\u00edas en el pago de los salarios del mes de abril.<\/p>\n\n\n\n<p>Fuente: Ramallo Informa<\/p>\n","protected":false},"excerpt":{"rendered":"<p>El abogado Sebasti\u00e1n F\u00e9lix habl\u00f3 este mi\u00e9rcoles en Radio Uno (107.1) sobre la grave situaci\u00f3n que le toc\u00f3 vivir a una pareja de j\u00f3venes que circulaba en un auto en la madrugada del martes. Juan Silenzo, dirigente gremial al frente de la lucha de los trabajadores de la empresa por mejorar sus condiciones laborales en [&hellip;]<\/p>\n","protected":false},"author":4,"featured_media":54870,"comment_status":"open","ping_status":"closed","sticky":false,"template":"","format":"standard","meta":{"om_disable_all_campaigns":false,"_jetpack_memberships_contains_paid_content":false,"footnotes":""},"categories":[621],"tags":[],"class_list":["post-54860","post","type-post","status-publish","format-standard","has-post-thumbnail","hentry","category-regionales"],"aioseo_notices":[],"gutentor_comment":0,"jetpack_featured_media_url":"https:\/\/eldiariodesanpedro.com.ar\/sitio\/wp-content\/uploads\/2019\/06\/fiplasto.jpg","jetpack_shortlink":"https:\/\/wp.me\/p6RhLt-egQ","jetpack_sharing_enabled":true,"_links":{"self":[{"href":"https:\/\/eldiariodesanpedro.com.ar\/sitio\/wp-json\/wp\/v2\/posts\/54860","targetHints":{"allow":["GET"]}}],"collection":[{"href":"https:\/\/eldiariodesanpedro.com.ar\/sitio\/wp-json\/wp\/v2\/posts"}],"about":[{"href":"https:\/\/eldiariodesanpedro.com.ar\/sitio\/wp-json\/wp\/v2\/types\/post"}],"author":[{"embeddable":true,"href":"https:\/\/eldiariodesanpedro.com.ar\/sitio\/wp-json\/wp\/v2\/users\/4"}],"replies":[{"embeddable":true,"href":"https:\/\/eldiariodesanpedro.com.ar\/sitio\/wp-json\/wp\/v2\/comments?post=54860"}],"version-history":[{"count":1,"href":"https:\/\/eldiariodesanpedro.com.ar\/sitio\/wp-json\/wp\/v2\/posts\/54860\/revisions"}],"predecessor-version":[{"id":54872,"href":"https:\/\/eldiariodesanpedro.com.ar\/sitio\/wp-json\/wp\/v2\/posts\/54860\/revisions\/54872"}],"wp:featuredmedia":[{"embeddable":true,"href":"https:\/\/eldiariodesanpedro.com.ar\/sitio\/wp-json\/wp\/v2\/media\/54870"}],"wp:attachment":[{"href":"https:\/\/eldiariodesanpedro.com.ar\/sitio\/wp-json\/wp\/v2\/media?parent=54860"}],"wp:term":[{"taxonomy":"category","embeddable":true,"href":"https:\/\/eldiariodesanpedro.com.ar\/sitio\/wp-json\/wp\/v2\/categories?post=54860"},{"taxonomy":"post_tag","embeddable":true,"href":"https:\/\/eldiariodesanpedro.com.ar\/sitio\/wp-json\/wp\/v2\/tags?post=54860"}],"curies":[{"name":"wp","href":"https:\/\/api.w.org\/{rel}","templated":true}]}}