{"id":54856,"date":"2019-06-21T11:10:34","date_gmt":"2019-06-21T14:10:34","guid":{"rendered":"https:\/\/eldiariodesanpedro.com.ar\/sitio\/?p=54856"},"modified":"2019-06-21T11:10:38","modified_gmt":"2019-06-21T14:10:38","slug":"ramallo-mujer-policia-fue-desafectada-por-realizar-disparos-al-aire-en-pelea-de-pareja","status":"publish","type":"post","link":"https:\/\/eldiariodesanpedro.com.ar\/sitio\/ramallo-mujer-policia-fue-desafectada-por-realizar-disparos-al-aire-en-pelea-de-pareja\/","title":{"rendered":"RAMALLO: Mujer polic\u00eda fue desafectada por realizar disparos al aire en pelea de pareja"},"content":{"rendered":"<!-- VideographyWP Plugin Message: Automatic video embedding prevented by plugin options. -->\n\n<p>Una oficial de la Estaci\u00f3n Comunal Segunda de Villa Ramallo fue desafectada de la fuerza, tras protagonizar una pelea familiar que termin\u00f3 con disparos al aire con su arma reglamentaria.<\/p>\n\n\n\n<p>Se trata del segundo efectivo, en menos de una semana, en ser desafectado de la fuerza por su accionar indebido.<\/p>\n\n\n\n<p>Este domingo 16 de junio, tras una discusi\u00f3n de pareja ocurrida en el barrio Don Antonio de Villa Ramallo, la mujer, identificada como personal policial de la Comisar\u00eda Segunda, habr\u00eda efectuado dos disparos con arma de fuego.<\/p>\n\n\n\n<p>Con la intervenci\u00f3n de familiares, se logr\u00f3 contener a las partes. Ambos fueron detenidos, pero horas m\u00e1s tarde recuperaron la libertad. La Auditoria dispuso la desafectaci\u00f3n y elevaci\u00f3n de las actuaciones del efectivo a fines de evaluar su situaci\u00f3n.<\/p>\n\n\n\n<p>As\u00ed las cosas, en menos de dos semanas, por motivos diferentes ocurridos en su vida privada, dos efectivos de la Estaci\u00f3n de Polic\u00eda Comunal Ramallo Segunda fueron desafectados por la Auditor\u00eda General de Asuntos Internos de la provincia de Buenos Aires.<\/p>\n\n\n\n<p>Fuente: Ramallo Ciudad<\/p>\n","protected":false},"excerpt":{"rendered":"<p>Una oficial de la Estaci\u00f3n Comunal Segunda de Villa Ramallo fue desafectada de la fuerza, tras protagonizar una pelea familiar que termin\u00f3 con disparos al aire con su arma reglamentaria. Se trata del segundo efectivo, en menos de una semana, en ser desafectado de la fuerza por su accionar indebido. Este domingo 16 de junio, [&hellip;]<\/p>\n","protected":false},"author":4,"featured_media":54857,"comment_status":"open","ping_status":"closed","sticky":false,"template":"","format":"standard","meta":{"om_disable_all_campaigns":false,"_jetpack_memberships_contains_paid_content":false,"footnotes":""},"categories":[621],"tags":[],"class_list":["post-54856","post","type-post","status-publish","format-standard","has-post-thumbnail","hentry","category-regionales"],"aioseo_notices":[],"gutentor_comment":0,"jetpack_featured_media_url":"https:\/\/eldiariodesanpedro.com.ar\/sitio\/wp-content\/uploads\/2019\/06\/bbx_441268891_1_policia-villa-ramallo.jpg","jetpack_shortlink":"https:\/\/wp.me\/p6RhLt-egM","jetpack_sharing_enabled":true,"_links":{"self":[{"href":"https:\/\/eldiariodesanpedro.com.ar\/sitio\/wp-json\/wp\/v2\/posts\/54856","targetHints":{"allow":["GET"]}}],"collection":[{"href":"https:\/\/eldiariodesanpedro.com.ar\/sitio\/wp-json\/wp\/v2\/posts"}],"about":[{"href":"https:\/\/eldiariodesanpedro.com.ar\/sitio\/wp-json\/wp\/v2\/types\/post"}],"author":[{"embeddable":true,"href":"https:\/\/eldiariodesanpedro.com.ar\/sitio\/wp-json\/wp\/v2\/users\/4"}],"replies":[{"embeddable":true,"href":"https:\/\/eldiariodesanpedro.com.ar\/sitio\/wp-json\/wp\/v2\/comments?post=54856"}],"version-history":[{"count":1,"href":"https:\/\/eldiariodesanpedro.com.ar\/sitio\/wp-json\/wp\/v2\/posts\/54856\/revisions"}],"predecessor-version":[{"id":54858,"href":"https:\/\/eldiariodesanpedro.com.ar\/sitio\/wp-json\/wp\/v2\/posts\/54856\/revisions\/54858"}],"wp:featuredmedia":[{"embeddable":true,"href":"https:\/\/eldiariodesanpedro.com.ar\/sitio\/wp-json\/wp\/v2\/media\/54857"}],"wp:attachment":[{"href":"https:\/\/eldiariodesanpedro.com.ar\/sitio\/wp-json\/wp\/v2\/media?parent=54856"}],"wp:term":[{"taxonomy":"category","embeddable":true,"href":"https:\/\/eldiariodesanpedro.com.ar\/sitio\/wp-json\/wp\/v2\/categories?post=54856"},{"taxonomy":"post_tag","embeddable":true,"href":"https:\/\/eldiariodesanpedro.com.ar\/sitio\/wp-json\/wp\/v2\/tags?post=54856"}],"curies":[{"name":"wp","href":"https:\/\/api.w.org\/{rel}","templated":true}]}}