{"id":54853,"date":"2019-06-21T11:02:26","date_gmt":"2019-06-21T14:02:26","guid":{"rendered":"https:\/\/eldiariodesanpedro.com.ar\/sitio\/?p=54853"},"modified":"2019-06-21T11:02:31","modified_gmt":"2019-06-21T14:02:31","slug":"san-nicolas-encontraron-muerto-a-un-hombre-que-llevaba-un-dia-desaparecido","status":"publish","type":"post","link":"https:\/\/eldiariodesanpedro.com.ar\/sitio\/san-nicolas-encontraron-muerto-a-un-hombre-que-llevaba-un-dia-desaparecido\/","title":{"rendered":"SAN NICOL\u00c1S: Encontraron muerto a un hombre que llevaba un d\u00eda desaparecido"},"content":{"rendered":"<!-- VideographyWP Plugin Message: Automatic video embedding prevented by plugin options. -->\n\n<p>Este jueves a la ma\u00f1ana, en un ca\u00f1averal ubicado en Estanislao del Campo entre Av. Savio y Balcarce, fue encontrado el cuerpo sin vida de Horacio Gonz\u00e1lez (73), vecino del barrio Astul Urquiaga. El mismo hac\u00eda un d\u00eda que era buscado intensamente por las fuerzas policiales, ya que su hija hab\u00eda denunciado en sede de la Comisar\u00eda Segunda que se hab\u00eda ausentado de su hogar el mi\u00e9rcoles a las 12.30 y no hab\u00eda regresado. <br><\/p>\n\n\n\n<p> A partir de esta denuncia se dio comienzo al protocolo de b\u00fasqueda y la foto del desaparecido comenz\u00f3 a circular por todos los medios. Horacio esa ma\u00f1ana hab\u00eda ido a cobrar su jubilaci\u00f3n en el Banco Naci\u00f3n y luego de almorzar en su casa hab\u00eda -supuestamente- salido a tomar el colectivo con destino al sanatorio UOM, ya que ten\u00eda intenciones de cuidar a su hermano que se encontraba internado all\u00ed. Pero las horas pasaron y Horacio nunca lleg\u00f3 al policl\u00ednico, por lo que la familia se alarm\u00f3 y dio aviso a la polic\u00eda. <\/p>\n\n\n\n<p>Hallazgo macabro <br> Luego de un amplio operativo policial y de los familiares de Horacio, que comenzaron a rastrillar a caballo toda la zona sur, encontraron el cuerpo sin vida del abuelo en el campo de calle Estanislao del Campo a metros de Av. Savio. Se realiz\u00f3 la autopsia sobre el fallecido del que no se ven signos de violencia, pero a\u00fan se aguardan los resultados. <\/p>\n\n\n\n<p>Fuente: Diario El Norte<\/p>\n","protected":false},"excerpt":{"rendered":"<p>Este jueves a la ma\u00f1ana, en un ca\u00f1averal ubicado en Estanislao del Campo entre Av. Savio y Balcarce, fue encontrado el cuerpo sin vida de Horacio Gonz\u00e1lez (73), vecino del barrio Astul Urquiaga. El mismo hac\u00eda un d\u00eda que era buscado intensamente por las fuerzas policiales, ya que su hija hab\u00eda denunciado en sede de [&hellip;]<\/p>\n","protected":false},"author":4,"featured_media":54854,"comment_status":"open","ping_status":"closed","sticky":false,"template":"","format":"standard","meta":{"om_disable_all_campaigns":false,"_jetpack_memberships_contains_paid_content":false,"footnotes":""},"categories":[621],"tags":[],"class_list":["post-54853","post","type-post","status-publish","format-standard","has-post-thumbnail","hentry","category-regionales"],"aioseo_notices":[],"gutentor_comment":0,"jetpack_featured_media_url":"https:\/\/eldiariodesanpedro.com.ar\/sitio\/wp-content\/uploads\/2019\/06\/0-1-2.jpg","jetpack_shortlink":"https:\/\/wp.me\/p6RhLt-egJ","jetpack_sharing_enabled":true,"_links":{"self":[{"href":"https:\/\/eldiariodesanpedro.com.ar\/sitio\/wp-json\/wp\/v2\/posts\/54853","targetHints":{"allow":["GET"]}}],"collection":[{"href":"https:\/\/eldiariodesanpedro.com.ar\/sitio\/wp-json\/wp\/v2\/posts"}],"about":[{"href":"https:\/\/eldiariodesanpedro.com.ar\/sitio\/wp-json\/wp\/v2\/types\/post"}],"author":[{"embeddable":true,"href":"https:\/\/eldiariodesanpedro.com.ar\/sitio\/wp-json\/wp\/v2\/users\/4"}],"replies":[{"embeddable":true,"href":"https:\/\/eldiariodesanpedro.com.ar\/sitio\/wp-json\/wp\/v2\/comments?post=54853"}],"version-history":[{"count":1,"href":"https:\/\/eldiariodesanpedro.com.ar\/sitio\/wp-json\/wp\/v2\/posts\/54853\/revisions"}],"predecessor-version":[{"id":54855,"href":"https:\/\/eldiariodesanpedro.com.ar\/sitio\/wp-json\/wp\/v2\/posts\/54853\/revisions\/54855"}],"wp:featuredmedia":[{"embeddable":true,"href":"https:\/\/eldiariodesanpedro.com.ar\/sitio\/wp-json\/wp\/v2\/media\/54854"}],"wp:attachment":[{"href":"https:\/\/eldiariodesanpedro.com.ar\/sitio\/wp-json\/wp\/v2\/media?parent=54853"}],"wp:term":[{"taxonomy":"category","embeddable":true,"href":"https:\/\/eldiariodesanpedro.com.ar\/sitio\/wp-json\/wp\/v2\/categories?post=54853"},{"taxonomy":"post_tag","embeddable":true,"href":"https:\/\/eldiariodesanpedro.com.ar\/sitio\/wp-json\/wp\/v2\/tags?post=54853"}],"curies":[{"name":"wp","href":"https:\/\/api.w.org\/{rel}","templated":true}]}}