{"id":54850,"date":"2019-06-21T10:59:08","date_gmt":"2019-06-21T13:59:08","guid":{"rendered":"https:\/\/eldiariodesanpedro.com.ar\/sitio\/?p=54850"},"modified":"2019-06-21T10:59:13","modified_gmt":"2019-06-21T13:59:13","slug":"san-nicolas-acuerdan-un-anticipo-a-cuenta-para-los-trabajadores-siderurgicos","status":"publish","type":"post","link":"https:\/\/eldiariodesanpedro.com.ar\/sitio\/san-nicolas-acuerdan-un-anticipo-a-cuenta-para-los-trabajadores-siderurgicos\/","title":{"rendered":"SAN NICOL\u00c1S: Acuerdan un anticipo a cuenta para los trabajadores sider\u00fargicos"},"content":{"rendered":"<!-- VideographyWP Plugin Message: Automatic video embedding prevented by plugin options. -->\n\n<p>La c\u00fapula directiva de la Uni\u00f3n Obrera Metal\u00fargica Nacional (UOM) y la C\u00e1mara Argentina del Acero (CAA) acordaron el pago de un anticipo a cuenta del aumento que se firme en el marco de la paritaria que se discute para la rama 21 (sider\u00fargicos), y que tiene un alto impacto en San Nicol\u00e1s por la alta cantidad de empleados que tiene el sector.<\/p>\n\n\n\n<p> Sin haber llegado a un acuerdo final, lo que se firm\u00f3 es el pago de una suma que permita actualizar los retrasados salarios. En ese sentido, el gremio y las c\u00e1maras sellaron un primer pago de 17%, que equivale al retroactivo correspondiente a los meses abril y mayo. Este pago se efectivizar\u00e1 entre hoy y la semana que viene. Algunas empresas lo aplicar\u00e1n sobre el salario b\u00e1sico mientras que otras lo har\u00e1n sobre el conformado. En tanto en los primeros d\u00edas de julio se har\u00e1 otro pago, tambi\u00e9n a cuenta del futuro acuerdo, correspondiente al mes de junio.<br> Esto descomprime la tensa negociaci\u00f3n que vienen sosteniendo las partes, y que tuvo su \u00faltimo cap\u00edtulo el mi\u00e9rcoles de esta semana en el Ministerio de Producci\u00f3n y trabajo. Al cabo de esa reuni\u00f3n en la que se confirm\u00f3 el pago a cuenta, se dict\u00f3 un cuarto intermedio hasta el 3 de julio pr\u00f3ximo. Mientras tanto se concretar\u00e1n negociaciones informales para avanzar en la b\u00fasqueda de un acuerdo final.<\/p>\n","protected":false},"excerpt":{"rendered":"<p>La c\u00fapula directiva de la Uni\u00f3n Obrera Metal\u00fargica Nacional (UOM) y la C\u00e1mara Argentina del Acero (CAA) acordaron el pago de un anticipo a cuenta del aumento que se firme en el marco de la paritaria que se discute para la rama 21 (sider\u00fargicos), y que tiene un alto impacto en San Nicol\u00e1s por la [&hellip;]<\/p>\n","protected":false},"author":4,"featured_media":54851,"comment_status":"open","ping_status":"closed","sticky":false,"template":"","format":"standard","meta":{"om_disable_all_campaigns":false,"_jetpack_memberships_contains_paid_content":false,"footnotes":""},"categories":[621],"tags":[],"class_list":["post-54850","post","type-post","status-publish","format-standard","has-post-thumbnail","hentry","category-regionales"],"aioseo_notices":[],"gutentor_comment":0,"jetpack_featured_media_url":"https:\/\/eldiariodesanpedro.com.ar\/sitio\/wp-content\/uploads\/2019\/06\/0-4.jpg","jetpack_shortlink":"https:\/\/wp.me\/p6RhLt-egG","jetpack_sharing_enabled":true,"_links":{"self":[{"href":"https:\/\/eldiariodesanpedro.com.ar\/sitio\/wp-json\/wp\/v2\/posts\/54850","targetHints":{"allow":["GET"]}}],"collection":[{"href":"https:\/\/eldiariodesanpedro.com.ar\/sitio\/wp-json\/wp\/v2\/posts"}],"about":[{"href":"https:\/\/eldiariodesanpedro.com.ar\/sitio\/wp-json\/wp\/v2\/types\/post"}],"author":[{"embeddable":true,"href":"https:\/\/eldiariodesanpedro.com.ar\/sitio\/wp-json\/wp\/v2\/users\/4"}],"replies":[{"embeddable":true,"href":"https:\/\/eldiariodesanpedro.com.ar\/sitio\/wp-json\/wp\/v2\/comments?post=54850"}],"version-history":[{"count":1,"href":"https:\/\/eldiariodesanpedro.com.ar\/sitio\/wp-json\/wp\/v2\/posts\/54850\/revisions"}],"predecessor-version":[{"id":54852,"href":"https:\/\/eldiariodesanpedro.com.ar\/sitio\/wp-json\/wp\/v2\/posts\/54850\/revisions\/54852"}],"wp:featuredmedia":[{"embeddable":true,"href":"https:\/\/eldiariodesanpedro.com.ar\/sitio\/wp-json\/wp\/v2\/media\/54851"}],"wp:attachment":[{"href":"https:\/\/eldiariodesanpedro.com.ar\/sitio\/wp-json\/wp\/v2\/media?parent=54850"}],"wp:term":[{"taxonomy":"category","embeddable":true,"href":"https:\/\/eldiariodesanpedro.com.ar\/sitio\/wp-json\/wp\/v2\/categories?post=54850"},{"taxonomy":"post_tag","embeddable":true,"href":"https:\/\/eldiariodesanpedro.com.ar\/sitio\/wp-json\/wp\/v2\/tags?post=54850"}],"curies":[{"name":"wp","href":"https:\/\/api.w.org\/{rel}","templated":true}]}}