{"id":54847,"date":"2019-06-21T09:51:15","date_gmt":"2019-06-21T12:51:15","guid":{"rendered":"https:\/\/eldiariodesanpedro.com.ar\/sitio\/?p=54847"},"modified":"2019-06-21T09:51:16","modified_gmt":"2019-06-21T12:51:16","slug":"preparan-un-mural-para-los-60-anos-de-los-bomberos-voluntarios","status":"publish","type":"post","link":"https:\/\/eldiariodesanpedro.com.ar\/sitio\/preparan-un-mural-para-los-60-anos-de-los-bomberos-voluntarios\/","title":{"rendered":"Preparan un mural para los 60 a\u00f1os de los Bomberos Voluntarios"},"content":{"rendered":"<!-- VideographyWP Plugin Message: Automatic video embedding prevented by plugin options. -->\n\n<p>Su ide\u00f3loga es la artista pl\u00e1stica Mariana Maroli y la obra est\u00e1 siendo elaborada con mosaicos y azulejos.<\/p>\n\n\n\n<p>El pr\u00f3ximo 9 de agosto los Bomberos Voluntarios de San Pedro celebran los 60 a\u00f1os de vida y para ello est\u00e1n preparando una gran celebraci\u00f3n que consisten en diversas actividades que engalanar\u00e1n la jornada.<\/p>\n\n\n\n<p>Entre algunas de las propuestas aparecen la presentaci\u00f3n art\u00edstica proyectada por la artista pl\u00e1stica Mariana Maroli y que consiste en la construcci\u00f3n de un mural erigido en mosaiquismo de la que adem\u00e1s est\u00e1n participando otras personas.<\/p>\n\n\n\n<p>\u201cLa idea es la de hacer un mural emblema del cuartel, primero iban a ser las letras pero dijimos que esta gente hace tanto por la comunidad que se merec\u00eda algo m\u00e1s, as\u00ed que le agregamos unas llamaradas\u201d, explic\u00f3 Mariana Maroli en el aire de FM G\u00e9nesis.<\/p>\n\n\n\n<p>\u201cTiene cinco metros por uno de alto y est\u00e1 construido de mosaicos y azulejos\u201d.<\/p>\n\n\n\n<p>\u201cTodos participan, los directivos y los bomberos, cuando se hacen un tiempo pasan para colaborar y hacen un poco de todo\u201d.<\/p>\n\n\n\n<p>Fuente: San Pedro Informa<\/p>\n\n\n\n<p><br><\/p>\n","protected":false},"excerpt":{"rendered":"<p>Su ide\u00f3loga es la artista pl\u00e1stica Mariana Maroli y la obra est\u00e1 siendo elaborada con mosaicos y azulejos. El pr\u00f3ximo 9 de agosto los Bomberos Voluntarios de San Pedro celebran los 60 a\u00f1os de vida y para ello est\u00e1n preparando una gran celebraci\u00f3n que consisten en diversas actividades que engalanar\u00e1n la jornada. Entre algunas de [&hellip;]<\/p>\n","protected":false},"author":4,"featured_media":54848,"comment_status":"open","ping_status":"closed","sticky":false,"template":"","format":"standard","meta":{"om_disable_all_campaigns":false,"_jetpack_memberships_contains_paid_content":false,"footnotes":""},"categories":[101,2],"tags":[],"class_list":["post-54847","post","type-post","status-publish","format-standard","has-post-thumbnail","hentry","category-interes-general-locales","category-locales"],"aioseo_notices":[],"gutentor_comment":0,"jetpack_featured_media_url":"https:\/\/eldiariodesanpedro.com.ar\/sitio\/wp-content\/uploads\/2019\/06\/000077871.jpg","jetpack_shortlink":"https:\/\/wp.me\/p6RhLt-egD","jetpack_sharing_enabled":true,"_links":{"self":[{"href":"https:\/\/eldiariodesanpedro.com.ar\/sitio\/wp-json\/wp\/v2\/posts\/54847","targetHints":{"allow":["GET"]}}],"collection":[{"href":"https:\/\/eldiariodesanpedro.com.ar\/sitio\/wp-json\/wp\/v2\/posts"}],"about":[{"href":"https:\/\/eldiariodesanpedro.com.ar\/sitio\/wp-json\/wp\/v2\/types\/post"}],"author":[{"embeddable":true,"href":"https:\/\/eldiariodesanpedro.com.ar\/sitio\/wp-json\/wp\/v2\/users\/4"}],"replies":[{"embeddable":true,"href":"https:\/\/eldiariodesanpedro.com.ar\/sitio\/wp-json\/wp\/v2\/comments?post=54847"}],"version-history":[{"count":1,"href":"https:\/\/eldiariodesanpedro.com.ar\/sitio\/wp-json\/wp\/v2\/posts\/54847\/revisions"}],"predecessor-version":[{"id":54849,"href":"https:\/\/eldiariodesanpedro.com.ar\/sitio\/wp-json\/wp\/v2\/posts\/54847\/revisions\/54849"}],"wp:featuredmedia":[{"embeddable":true,"href":"https:\/\/eldiariodesanpedro.com.ar\/sitio\/wp-json\/wp\/v2\/media\/54848"}],"wp:attachment":[{"href":"https:\/\/eldiariodesanpedro.com.ar\/sitio\/wp-json\/wp\/v2\/media?parent=54847"}],"wp:term":[{"taxonomy":"category","embeddable":true,"href":"https:\/\/eldiariodesanpedro.com.ar\/sitio\/wp-json\/wp\/v2\/categories?post=54847"},{"taxonomy":"post_tag","embeddable":true,"href":"https:\/\/eldiariodesanpedro.com.ar\/sitio\/wp-json\/wp\/v2\/tags?post=54847"}],"curies":[{"name":"wp","href":"https:\/\/api.w.org\/{rel}","templated":true}]}}