{"id":54845,"date":"2019-06-21T09:41:06","date_gmt":"2019-06-21T12:41:06","guid":{"rendered":"https:\/\/eldiariodesanpedro.com.ar\/sitio\/?p=54845"},"modified":"2019-06-21T09:41:10","modified_gmt":"2019-06-21T12:41:10","slug":"reunion-plenaria-de-cemibo-en-san-pedro-2","status":"publish","type":"post","link":"https:\/\/eldiariodesanpedro.com.ar\/sitio\/reunion-plenaria-de-cemibo-en-san-pedro-2\/","title":{"rendered":"Reuni\u00f3n plenaria de CEMIBO en San Pedro"},"content":{"rendered":"<!-- VideographyWP Plugin Message: Automatic video embedding prevented by plugin options. -->\n\n<p>\n\nLa Concertaci\u00f3n de Entidades M\u00e9dicas Independientes Bonaerenses que integran, el C\u00edrculo M\u00e9dico de San Pedro junto a agremiaciones y c\u00edrculos m\u00e9dicos de&nbsp;<strong>La Plata, Tandil, Mar del Plata, Trenque Lauquen y Ensenada,<\/strong>&nbsp;tendr\u00e1 hoy viernes 21 y ma\u00f1ana s\u00e1bado 22 de junio una reuni\u00f3n plenaria en nuestra ciudad para analizar diferentes temas relacionados con el funcionamiento de los establecimientos privados de atenci\u00f3n a la salud y la actividad de los m\u00e9dicos de importantes ciudades de la provincia.&nbsp;<\/p>\n\n\n\n<p>La elecci\u00f3n de San Pedro como punto de encuentro, es un importante respaldo a todas las acciones que se han impulsado y acompa\u00f1ado desde el C\u00edrculo M\u00e9dico local y el mismo ser\u00e1 encabezado por el presidente de esta Concertaci\u00f3n Dr. Eduardo Martiarena.<\/p>\n\n\n\n<p>Entre los puntos que se anticipan figuran la preocupaci\u00f3n ante la complicada situaci\u00f3n del los electores del sistema privado de salud, el nuevo v\u00ednculo con el IOMA y la inminencia de implementaci\u00f3n de un nuevo nomenclador de prestaciones m\u00e9dicas por esa entidad.&nbsp;<\/p>\n\n\n\n<p>Se realizar\u00e1 adem\u00e1s un repaso de otras gestiones en marcha y se ofrecer\u00e1 una conferencia de prensa el&nbsp;<strong>ma\u00f1ana<\/strong><strong>s\u00e1bado 22 a las 11<\/strong>&nbsp;en el Auditorio del C\u00edrculo M\u00e9dico de San Pedro (G\u00fcemes 50).\n\n<\/p>\n","protected":false},"excerpt":{"rendered":"<p>La Concertaci\u00f3n de Entidades M\u00e9dicas Independientes Bonaerenses que integran, el C\u00edrculo M\u00e9dico de San Pedro junto a agremiaciones y c\u00edrculos m\u00e9dicos de&nbsp;La Plata, Tandil, Mar del Plata, Trenque Lauquen y Ensenada,&nbsp;tendr\u00e1 hoy viernes 21 y ma\u00f1ana s\u00e1bado 22 de junio una reuni\u00f3n plenaria en nuestra ciudad para analizar diferentes temas relacionados con el funcionamiento de [&hellip;]<\/p>\n","protected":false},"author":4,"featured_media":27219,"comment_status":"open","ping_status":"closed","sticky":false,"template":"","format":"standard","meta":{"om_disable_all_campaigns":false,"_jetpack_memberships_contains_paid_content":false,"footnotes":""},"categories":[101,2],"tags":[],"class_list":["post-54845","post","type-post","status-publish","format-standard","has-post-thumbnail","hentry","category-interes-general-locales","category-locales"],"aioseo_notices":[],"gutentor_comment":0,"jetpack_featured_media_url":"https:\/\/eldiariodesanpedro.com.ar\/sitio\/wp-content\/uploads\/2017\/12\/circulo-medico.jpg","jetpack_shortlink":"https:\/\/wp.me\/p6RhLt-egB","jetpack_sharing_enabled":true,"_links":{"self":[{"href":"https:\/\/eldiariodesanpedro.com.ar\/sitio\/wp-json\/wp\/v2\/posts\/54845","targetHints":{"allow":["GET"]}}],"collection":[{"href":"https:\/\/eldiariodesanpedro.com.ar\/sitio\/wp-json\/wp\/v2\/posts"}],"about":[{"href":"https:\/\/eldiariodesanpedro.com.ar\/sitio\/wp-json\/wp\/v2\/types\/post"}],"author":[{"embeddable":true,"href":"https:\/\/eldiariodesanpedro.com.ar\/sitio\/wp-json\/wp\/v2\/users\/4"}],"replies":[{"embeddable":true,"href":"https:\/\/eldiariodesanpedro.com.ar\/sitio\/wp-json\/wp\/v2\/comments?post=54845"}],"version-history":[{"count":1,"href":"https:\/\/eldiariodesanpedro.com.ar\/sitio\/wp-json\/wp\/v2\/posts\/54845\/revisions"}],"predecessor-version":[{"id":54846,"href":"https:\/\/eldiariodesanpedro.com.ar\/sitio\/wp-json\/wp\/v2\/posts\/54845\/revisions\/54846"}],"wp:featuredmedia":[{"embeddable":true,"href":"https:\/\/eldiariodesanpedro.com.ar\/sitio\/wp-json\/wp\/v2\/media\/27219"}],"wp:attachment":[{"href":"https:\/\/eldiariodesanpedro.com.ar\/sitio\/wp-json\/wp\/v2\/media?parent=54845"}],"wp:term":[{"taxonomy":"category","embeddable":true,"href":"https:\/\/eldiariodesanpedro.com.ar\/sitio\/wp-json\/wp\/v2\/categories?post=54845"},{"taxonomy":"post_tag","embeddable":true,"href":"https:\/\/eldiariodesanpedro.com.ar\/sitio\/wp-json\/wp\/v2\/tags?post=54845"}],"curies":[{"name":"wp","href":"https:\/\/api.w.org\/{rel}","templated":true}]}}