{"id":54844,"date":"2019-06-21T11:15:53","date_gmt":"2019-06-21T14:15:53","guid":{"rendered":"https:\/\/eldiariodesanpedro.com.ar\/sitio\/?p=54844"},"modified":"2019-06-21T11:15:58","modified_gmt":"2019-06-21T14:15:58","slug":"operativo-saturacion-19-personas-aprehendidas","status":"publish","type":"post","link":"https:\/\/eldiariodesanpedro.com.ar\/sitio\/operativo-saturacion-19-personas-aprehendidas\/","title":{"rendered":"Operativo Saturaci\u00f3n: 19 personas aprehendidas"},"content":{"rendered":"<!-- VideographyWP Plugin Message: Automatic video embedding prevented by plugin options. -->\n\n<p>La Jefatura de Polic\u00eda Departamental de nuestra ciudad, a cargo de el comisario Juan Ram\u00f3n Catalano realizo un amplio operativo de saturacion en conjunto con el Grupo de Apoyo Departamental de San Nicolas GAD,  <br>\u00a0a cargo del Comisario Jos\u00e9 Cortez,\u00a0 obteniendo un exitoso  resultado con 19 personas aprehendidas, por distintos hechos delictivos. Ademas  hubo secuestro de drogas, motos y celulares. <br><\/p>\n\n\n\n<p>\u00abSumamos a lo que venimos haciendo todos los d\u00edas al Grupo de Apoyo Departamental GAD, tuvimos buenos resultados, trabajamos haciendo operativo de saturacion y simultaneo, trabajamos en los barrios y en las zonas mas dif\u00edciles\u00bb, expresaba Catalano a los medios de comunicacion.<\/p>\n\n\n\n<p>Los procedimientos comenzaron en la tarde del jueves a partir de las 17 horas, gran cantidad de efectivos policiales de distintas fuerzas ingresaron a los barrios mas dif\u00edciles con el objetivo de prevenir il\u00edcitos e identificar personas. <\/p>\n\n\n\n<p>\u00a0La fuerza, los denomina\u00a0\u00abOperativos Saturaci\u00f3n\u00bb\u00a0y tiene el fin de \u00abmarcar m\u00e1s presencia\u00bb en las calles. La cantidad de funcionarios comisionados llama la atenci\u00f3n siempre a los vecinos, aveces asusta.<\/p>\n\n\n\n<p>Las tareas se realizan con polic\u00edas apostados en\u00a0\u00abvarios puntos de paradas\u00bb, que hacen recorridas de forma\u00a0\u00abpeatonal y con veh\u00edculos, en puntos estrat\u00e9gicos\u00bb\u00a0de la ciudad. <\/p>\n\n\n\n<p>\n\nA trav\u00e9s de estos controles se obtuvo como resultado 19 personas aprehendidas en una sola tarde.\n\n<\/p>\n\n\n\n<p>En algunos casos el personal policial fue atacado por vecinos que buscaban impedir el normal desarrollo del operativo logr\u00e1ndose aprehender a personas con frondosos antecedentes.<\/p>\n\n\n\n<p>Uno de los casos mas graves se dio cuando se identifico a un sujeto de 27 a\u00f1os de edad, quien junto a otro familiar de 28, se tornaron violentos con los efectivos y apedrearon al personal mientras se realizaba el evento. Este hecho sucedi\u00f3 en Facundo Quiroga al 1700, cuando los agresores intentaron escapar por los techos de los vecinos, uno de ellos cae al suelo sufriendo lesiones leves.<\/p>\n\n\n\n<p>El primer identificado se tratar\u00eda de Ivo Albacete, que se encuentra ademas cumpliendo una prisi\u00f3n domiciliaria,  quien tenia colocada la pulsera magn\u00e9tica para su correspondiente control.<\/p>\n\n\n\n<p>Finalmente fueron reducidos y aprehendidos, trasladados a la dependencia local con intervenci\u00f3n de la Fiscalia N\u00ba11 a cargo de la Dr Ramos y se espera para Albacete, la decisi\u00f3n que la justicia pueda tomar por ser beneficiado con una morigeraci\u00f3n que no estaba cumpliendo. <\/p>\n\n\n\n<p>Ademas, en Hermano Indio al 800 fue aprehendido un joven de 23 quien registraba pedido de paradero activo con fecha de alta del 21 de agosto de 2018  a requerimiento\u00a0 de la UFI N\u00b0 11. Tambi\u00e9n en Javier Rivero y Balcarce otro aprehendido de 38 por pedido de paradero activo con fecha de alta del 21 de agosto de 2018 a requerimiento del\u00a0 Juzgado Criminal y Correccional N\u00b0 01 de San Nicol\u00e1s, quien en su poder tenia mercader\u00eda con fines de venderla a quien se le fue secuestrada  y se le dio intervenci\u00f3n al Juzgado de Falta.<\/p>\n\n\n\n<p>Luego, tres personas mas fueron aprehendidas en otro pasillo del barrio Hermano Indio por tenencia de estupefacientes. Los sujetos de 24 y 22, se movilizaban en un autom\u00f3vil Chevrolet Corsa con frascos de marihuana (flores), cigarrillos y papelillos para el armado.<\/p>\n\n\n\n<p>En el pasillo conocido como 21 Bis, se vivi\u00f3 otro hecho de violencia con los efectivos cuando intentan identificar a dos personas, los sujetos atacan a los uniformados siendo reducidos finalmente. Se trata de una mujer de 21 y un hombre de 38, con frondosos antecedentes, fueron alojados en la comisaria.<\/p>\n\n\n\n<p>En inmediaciones de G\u00fcemes y Javier Rivero se aprehendi\u00f3 a un joven de 29 a\u00f1os a quien se le secuestr\u00f3 un envoltorio de nylon negro conteniendo 10 gramos de marihuana. <\/p>\n\n\n\n<p>El operativo se extendi\u00f3 tambi\u00e9n a Manuel Iglesias y Saavedra, fueron aprehendidos dos sujetos con frondosos antecedentes penales, quienes alteraban el orden p\u00fablico y no desist\u00edan su actitud violenta contra los polic\u00edas.<\/p>\n\n\n\n<p>En Saavedra y Las Provincias,  se aprehendi\u00f3 a un ciudadano de 30, quien circulaba en una moto Corven 110, negra y roja, con pedido secuestro activo a requerimiento de la fiscalia N\u00ba5 con fecha de alta del 23 de noviembre del 2014 por el delito de hurto. Tambi\u00e9n, en Las Provincias y Bozzano, tres personas fueron aprehendidas, siendo todas menores de edad, quienes se movilizaban en una motocicleta 110 cc,  con chasis y motor adulterado. Se resistieron al proceder y se les secuestr\u00f3 un arma blanca, un palo y tres celulares. <\/p>\n\n\n\n<p>En Avenida 11 de Septiembre, en las 104 Vivienda se aprehendi\u00f3 a un hombre de 30, quien al ser identificado agredi\u00f3 al personal policial.<\/p>\n\n\n\n<p>En Balcarce y 25 de Mayo, un delincuente de 43 fue aprehendido tras sustraerle un celular a otro mediante intimidacion verbal. <\/p>\n\n\n\n<ul class=\"wp-block-gallery columns-3 is-cropped wp-block-gallery-1 is-layout-flex wp-block-gallery-is-layout-flex\"><li class=\"blocks-gallery-item\"><figure><img decoding=\"async\" width=\"648\" height=\"1152\" data-attachment-id=\"54861\" data-permalink=\"https:\/\/eldiariodesanpedro.com.ar\/sitio\/operativo-saturacion-19-personas-aprehendidas\/whatsapp-image-2019-06-20-at-6-34-57-pm\/\" data-orig-file=\"https:\/\/eldiariodesanpedro.com.ar\/sitio\/wp-content\/uploads\/2019\/06\/WhatsApp-Image-2019-06-20-at-6.34.57-PM.jpeg\" data-orig-size=\"648,1152\" data-comments-opened=\"1\" data-image-meta=\"{&quot;aperture&quot;:&quot;0&quot;,&quot;credit&quot;:&quot;&quot;,&quot;camera&quot;:&quot;&quot;,&quot;caption&quot;:&quot;&quot;,&quot;created_timestamp&quot;:&quot;0&quot;,&quot;copyright&quot;:&quot;&quot;,&quot;focal_length&quot;:&quot;0&quot;,&quot;iso&quot;:&quot;0&quot;,&quot;shutter_speed&quot;:&quot;0&quot;,&quot;title&quot;:&quot;&quot;,&quot;orientation&quot;:&quot;0&quot;}\" data-image-title=\"WhatsApp Image 2019-06-20 at 6.34.57 PM\" data-image-description=\"\" data-image-caption=\"\" data-large-file=\"https:\/\/eldiariodesanpedro.com.ar\/sitio\/wp-content\/uploads\/2019\/06\/WhatsApp-Image-2019-06-20-at-6.34.57-PM-576x1024.jpeg\" data-src=\"https:\/\/i1.wp.com\/eldiariodesanpedro.com.ar\/sitio\/wp-content\/uploads\/2019\/06\/WhatsApp-Image-2019-06-20-at-6.34.57-PM.jpeg?fit=576%2C1024\" alt=\"\" data-id=\"54861\" data-link=\"https:\/\/eldiariodesanpedro.com.ar\/sitio\/?attachment_id=54861\" class=\"wp-image-54861 lazyload\" data-srcset=\"https:\/\/eldiariodesanpedro.com.ar\/sitio\/wp-content\/uploads\/2019\/06\/WhatsApp-Image-2019-06-20-at-6.34.57-PM.jpeg 648w, https:\/\/eldiariodesanpedro.com.ar\/sitio\/wp-content\/uploads\/2019\/06\/WhatsApp-Image-2019-06-20-at-6.34.57-PM-169x300.jpeg 169w, https:\/\/eldiariodesanpedro.com.ar\/sitio\/wp-content\/uploads\/2019\/06\/WhatsApp-Image-2019-06-20-at-6.34.57-PM-576x1024.jpeg 576w\" data-sizes=\"(max-width: 648px) 100vw, 648px\" src=\"data:image\/svg+xml;base64,PHN2ZyB3aWR0aD0iMSIgaGVpZ2h0PSIxIiB4bWxucz0iaHR0cDovL3d3dy53My5vcmcvMjAwMC9zdmciPjwvc3ZnPg==\" style=\"--smush-placeholder-width: 648px; --smush-placeholder-aspect-ratio: 648\/1152;\" \/><\/figure><\/li><li class=\"blocks-gallery-item\"><figure><img decoding=\"async\" width=\"1040\" height=\"780\" data-attachment-id=\"54862\" data-permalink=\"https:\/\/eldiariodesanpedro.com.ar\/sitio\/operativo-saturacion-19-personas-aprehendidas\/whatsapp-image-2019-06-21-at-9-09-11-am-1\/\" data-orig-file=\"https:\/\/eldiariodesanpedro.com.ar\/sitio\/wp-content\/uploads\/2019\/06\/WhatsApp-Image-2019-06-21-at-9.09.11-AM-1.jpeg\" data-orig-size=\"1040,780\" data-comments-opened=\"1\" data-image-meta=\"{&quot;aperture&quot;:&quot;0&quot;,&quot;credit&quot;:&quot;&quot;,&quot;camera&quot;:&quot;&quot;,&quot;caption&quot;:&quot;&quot;,&quot;created_timestamp&quot;:&quot;0&quot;,&quot;copyright&quot;:&quot;&quot;,&quot;focal_length&quot;:&quot;0&quot;,&quot;iso&quot;:&quot;0&quot;,&quot;shutter_speed&quot;:&quot;0&quot;,&quot;title&quot;:&quot;&quot;,&quot;orientation&quot;:&quot;0&quot;}\" data-image-title=\"WhatsApp Image 2019-06-21 at 9.09.11 AM (1)\" data-image-description=\"\" data-image-caption=\"\" data-large-file=\"https:\/\/eldiariodesanpedro.com.ar\/sitio\/wp-content\/uploads\/2019\/06\/WhatsApp-Image-2019-06-21-at-9.09.11-AM-1-1024x768.jpeg\" data-src=\"https:\/\/i2.wp.com\/eldiariodesanpedro.com.ar\/sitio\/wp-content\/uploads\/2019\/06\/WhatsApp-Image-2019-06-21-at-9.09.11-AM-1.jpeg?fit=660%2C495\" alt=\"\" data-id=\"54862\" data-link=\"https:\/\/eldiariodesanpedro.com.ar\/sitio\/?attachment_id=54862\" class=\"wp-image-54862 lazyload\" data-srcset=\"https:\/\/eldiariodesanpedro.com.ar\/sitio\/wp-content\/uploads\/2019\/06\/WhatsApp-Image-2019-06-21-at-9.09.11-AM-1.jpeg 1040w, https:\/\/eldiariodesanpedro.com.ar\/sitio\/wp-content\/uploads\/2019\/06\/WhatsApp-Image-2019-06-21-at-9.09.11-AM-1-300x225.jpeg 300w, https:\/\/eldiariodesanpedro.com.ar\/sitio\/wp-content\/uploads\/2019\/06\/WhatsApp-Image-2019-06-21-at-9.09.11-AM-1-768x576.jpeg 768w, https:\/\/eldiariodesanpedro.com.ar\/sitio\/wp-content\/uploads\/2019\/06\/WhatsApp-Image-2019-06-21-at-9.09.11-AM-1-1024x768.jpeg 1024w\" data-sizes=\"(max-width: 1040px) 100vw, 1040px\" src=\"data:image\/svg+xml;base64,PHN2ZyB3aWR0aD0iMSIgaGVpZ2h0PSIxIiB4bWxucz0iaHR0cDovL3d3dy53My5vcmcvMjAwMC9zdmciPjwvc3ZnPg==\" style=\"--smush-placeholder-width: 1040px; --smush-placeholder-aspect-ratio: 1040\/780;\" \/><\/figure><\/li><li class=\"blocks-gallery-item\"><figure><img decoding=\"async\" width=\"1040\" height=\"780\" data-attachment-id=\"54863\" data-permalink=\"https:\/\/eldiariodesanpedro.com.ar\/sitio\/operativo-saturacion-19-personas-aprehendidas\/whatsapp-image-2019-06-21-at-9-09-11-am\/\" data-orig-file=\"https:\/\/eldiariodesanpedro.com.ar\/sitio\/wp-content\/uploads\/2019\/06\/WhatsApp-Image-2019-06-21-at-9.09.11-AM.jpeg\" data-orig-size=\"1040,780\" data-comments-opened=\"1\" data-image-meta=\"{&quot;aperture&quot;:&quot;0&quot;,&quot;credit&quot;:&quot;&quot;,&quot;camera&quot;:&quot;&quot;,&quot;caption&quot;:&quot;&quot;,&quot;created_timestamp&quot;:&quot;0&quot;,&quot;copyright&quot;:&quot;&quot;,&quot;focal_length&quot;:&quot;0&quot;,&quot;iso&quot;:&quot;0&quot;,&quot;shutter_speed&quot;:&quot;0&quot;,&quot;title&quot;:&quot;&quot;,&quot;orientation&quot;:&quot;0&quot;}\" data-image-title=\"WhatsApp Image 2019-06-21 at 9.09.11 AM\" data-image-description=\"\" data-image-caption=\"\" data-large-file=\"https:\/\/eldiariodesanpedro.com.ar\/sitio\/wp-content\/uploads\/2019\/06\/WhatsApp-Image-2019-06-21-at-9.09.11-AM-1024x768.jpeg\" data-src=\"https:\/\/i0.wp.com\/eldiariodesanpedro.com.ar\/sitio\/wp-content\/uploads\/2019\/06\/WhatsApp-Image-2019-06-21-at-9.09.11-AM.jpeg?fit=660%2C495\" alt=\"\" data-id=\"54863\" data-link=\"https:\/\/eldiariodesanpedro.com.ar\/sitio\/?attachment_id=54863\" class=\"wp-image-54863 lazyload\" data-srcset=\"https:\/\/eldiariodesanpedro.com.ar\/sitio\/wp-content\/uploads\/2019\/06\/WhatsApp-Image-2019-06-21-at-9.09.11-AM.jpeg 1040w, https:\/\/eldiariodesanpedro.com.ar\/sitio\/wp-content\/uploads\/2019\/06\/WhatsApp-Image-2019-06-21-at-9.09.11-AM-300x225.jpeg 300w, https:\/\/eldiariodesanpedro.com.ar\/sitio\/wp-content\/uploads\/2019\/06\/WhatsApp-Image-2019-06-21-at-9.09.11-AM-768x576.jpeg 768w, https:\/\/eldiariodesanpedro.com.ar\/sitio\/wp-content\/uploads\/2019\/06\/WhatsApp-Image-2019-06-21-at-9.09.11-AM-1024x768.jpeg 1024w\" data-sizes=\"(max-width: 1040px) 100vw, 1040px\" src=\"data:image\/svg+xml;base64,PHN2ZyB3aWR0aD0iMSIgaGVpZ2h0PSIxIiB4bWxucz0iaHR0cDovL3d3dy53My5vcmcvMjAwMC9zdmciPjwvc3ZnPg==\" style=\"--smush-placeholder-width: 1040px; --smush-placeholder-aspect-ratio: 1040\/780;\" \/><\/figure><\/li><li class=\"blocks-gallery-item\"><figure><img decoding=\"async\" width=\"1040\" height=\"780\" data-attachment-id=\"54864\" data-permalink=\"https:\/\/eldiariodesanpedro.com.ar\/sitio\/operativo-saturacion-19-personas-aprehendidas\/whatsapp-image-2019-06-21-at-9-09-12-am\/\" data-orig-file=\"https:\/\/eldiariodesanpedro.com.ar\/sitio\/wp-content\/uploads\/2019\/06\/WhatsApp-Image-2019-06-21-at-9.09.12-AM.jpeg\" data-orig-size=\"1040,780\" data-comments-opened=\"1\" data-image-meta=\"{&quot;aperture&quot;:&quot;0&quot;,&quot;credit&quot;:&quot;&quot;,&quot;camera&quot;:&quot;&quot;,&quot;caption&quot;:&quot;&quot;,&quot;created_timestamp&quot;:&quot;0&quot;,&quot;copyright&quot;:&quot;&quot;,&quot;focal_length&quot;:&quot;0&quot;,&quot;iso&quot;:&quot;0&quot;,&quot;shutter_speed&quot;:&quot;0&quot;,&quot;title&quot;:&quot;&quot;,&quot;orientation&quot;:&quot;0&quot;}\" data-image-title=\"WhatsApp Image 2019-06-21 at 9.09.12 AM\" data-image-description=\"\" data-image-caption=\"\" data-large-file=\"https:\/\/eldiariodesanpedro.com.ar\/sitio\/wp-content\/uploads\/2019\/06\/WhatsApp-Image-2019-06-21-at-9.09.12-AM-1024x768.jpeg\" data-src=\"https:\/\/i2.wp.com\/eldiariodesanpedro.com.ar\/sitio\/wp-content\/uploads\/2019\/06\/WhatsApp-Image-2019-06-21-at-9.09.12-AM.jpeg?fit=660%2C495\" alt=\"\" data-id=\"54864\" data-link=\"https:\/\/eldiariodesanpedro.com.ar\/sitio\/?attachment_id=54864\" class=\"wp-image-54864 lazyload\" data-srcset=\"https:\/\/eldiariodesanpedro.com.ar\/sitio\/wp-content\/uploads\/2019\/06\/WhatsApp-Image-2019-06-21-at-9.09.12-AM.jpeg 1040w, https:\/\/eldiariodesanpedro.com.ar\/sitio\/wp-content\/uploads\/2019\/06\/WhatsApp-Image-2019-06-21-at-9.09.12-AM-300x225.jpeg 300w, https:\/\/eldiariodesanpedro.com.ar\/sitio\/wp-content\/uploads\/2019\/06\/WhatsApp-Image-2019-06-21-at-9.09.12-AM-768x576.jpeg 768w, https:\/\/eldiariodesanpedro.com.ar\/sitio\/wp-content\/uploads\/2019\/06\/WhatsApp-Image-2019-06-21-at-9.09.12-AM-1024x768.jpeg 1024w\" data-sizes=\"(max-width: 1040px) 100vw, 1040px\" src=\"data:image\/svg+xml;base64,PHN2ZyB3aWR0aD0iMSIgaGVpZ2h0PSIxIiB4bWxucz0iaHR0cDovL3d3dy53My5vcmcvMjAwMC9zdmciPjwvc3ZnPg==\" style=\"--smush-placeholder-width: 1040px; --smush-placeholder-aspect-ratio: 1040\/780;\" \/><\/figure><\/li><li class=\"blocks-gallery-item\"><figure><img decoding=\"async\" width=\"1040\" height=\"780\" data-attachment-id=\"54865\" data-permalink=\"https:\/\/eldiariodesanpedro.com.ar\/sitio\/operativo-saturacion-19-personas-aprehendidas\/whatsapp-image-2019-06-21-at-9-09-13-am-1\/\" data-orig-file=\"https:\/\/eldiariodesanpedro.com.ar\/sitio\/wp-content\/uploads\/2019\/06\/WhatsApp-Image-2019-06-21-at-9.09.13-AM-1.jpeg\" data-orig-size=\"1040,780\" data-comments-opened=\"1\" data-image-meta=\"{&quot;aperture&quot;:&quot;0&quot;,&quot;credit&quot;:&quot;&quot;,&quot;camera&quot;:&quot;&quot;,&quot;caption&quot;:&quot;&quot;,&quot;created_timestamp&quot;:&quot;0&quot;,&quot;copyright&quot;:&quot;&quot;,&quot;focal_length&quot;:&quot;0&quot;,&quot;iso&quot;:&quot;0&quot;,&quot;shutter_speed&quot;:&quot;0&quot;,&quot;title&quot;:&quot;&quot;,&quot;orientation&quot;:&quot;0&quot;}\" data-image-title=\"WhatsApp Image 2019-06-21 at 9.09.13 AM (1)\" data-image-description=\"\" data-image-caption=\"\" data-large-file=\"https:\/\/eldiariodesanpedro.com.ar\/sitio\/wp-content\/uploads\/2019\/06\/WhatsApp-Image-2019-06-21-at-9.09.13-AM-1-1024x768.jpeg\" data-src=\"https:\/\/i0.wp.com\/eldiariodesanpedro.com.ar\/sitio\/wp-content\/uploads\/2019\/06\/WhatsApp-Image-2019-06-21-at-9.09.13-AM-1.jpeg?fit=660%2C495\" alt=\"\" data-id=\"54865\" data-link=\"https:\/\/eldiariodesanpedro.com.ar\/sitio\/?attachment_id=54865\" class=\"wp-image-54865 lazyload\" data-srcset=\"https:\/\/eldiariodesanpedro.com.ar\/sitio\/wp-content\/uploads\/2019\/06\/WhatsApp-Image-2019-06-21-at-9.09.13-AM-1.jpeg 1040w, https:\/\/eldiariodesanpedro.com.ar\/sitio\/wp-content\/uploads\/2019\/06\/WhatsApp-Image-2019-06-21-at-9.09.13-AM-1-300x225.jpeg 300w, https:\/\/eldiariodesanpedro.com.ar\/sitio\/wp-content\/uploads\/2019\/06\/WhatsApp-Image-2019-06-21-at-9.09.13-AM-1-768x576.jpeg 768w, https:\/\/eldiariodesanpedro.com.ar\/sitio\/wp-content\/uploads\/2019\/06\/WhatsApp-Image-2019-06-21-at-9.09.13-AM-1-1024x768.jpeg 1024w\" data-sizes=\"(max-width: 1040px) 100vw, 1040px\" src=\"data:image\/svg+xml;base64,PHN2ZyB3aWR0aD0iMSIgaGVpZ2h0PSIxIiB4bWxucz0iaHR0cDovL3d3dy53My5vcmcvMjAwMC9zdmciPjwvc3ZnPg==\" style=\"--smush-placeholder-width: 1040px; --smush-placeholder-aspect-ratio: 1040\/780;\" \/><\/figure><\/li><li class=\"blocks-gallery-item\"><figure><img decoding=\"async\" width=\"1040\" height=\"780\" data-attachment-id=\"54866\" data-permalink=\"https:\/\/eldiariodesanpedro.com.ar\/sitio\/operativo-saturacion-19-personas-aprehendidas\/whatsapp-image-2019-06-21-at-9-09-13-am-2\/\" data-orig-file=\"https:\/\/eldiariodesanpedro.com.ar\/sitio\/wp-content\/uploads\/2019\/06\/WhatsApp-Image-2019-06-21-at-9.09.13-AM-2.jpeg\" data-orig-size=\"1040,780\" data-comments-opened=\"1\" data-image-meta=\"{&quot;aperture&quot;:&quot;0&quot;,&quot;credit&quot;:&quot;&quot;,&quot;camera&quot;:&quot;&quot;,&quot;caption&quot;:&quot;&quot;,&quot;created_timestamp&quot;:&quot;0&quot;,&quot;copyright&quot;:&quot;&quot;,&quot;focal_length&quot;:&quot;0&quot;,&quot;iso&quot;:&quot;0&quot;,&quot;shutter_speed&quot;:&quot;0&quot;,&quot;title&quot;:&quot;&quot;,&quot;orientation&quot;:&quot;0&quot;}\" data-image-title=\"WhatsApp Image 2019-06-21 at 9.09.13 AM (2)\" data-image-description=\"\" data-image-caption=\"\" data-large-file=\"https:\/\/eldiariodesanpedro.com.ar\/sitio\/wp-content\/uploads\/2019\/06\/WhatsApp-Image-2019-06-21-at-9.09.13-AM-2-1024x768.jpeg\" data-src=\"https:\/\/i1.wp.com\/eldiariodesanpedro.com.ar\/sitio\/wp-content\/uploads\/2019\/06\/WhatsApp-Image-2019-06-21-at-9.09.13-AM-2.jpeg?fit=660%2C495\" alt=\"\" data-id=\"54866\" data-link=\"https:\/\/eldiariodesanpedro.com.ar\/sitio\/?attachment_id=54866\" class=\"wp-image-54866 lazyload\" data-srcset=\"https:\/\/eldiariodesanpedro.com.ar\/sitio\/wp-content\/uploads\/2019\/06\/WhatsApp-Image-2019-06-21-at-9.09.13-AM-2.jpeg 1040w, https:\/\/eldiariodesanpedro.com.ar\/sitio\/wp-content\/uploads\/2019\/06\/WhatsApp-Image-2019-06-21-at-9.09.13-AM-2-300x225.jpeg 300w, https:\/\/eldiariodesanpedro.com.ar\/sitio\/wp-content\/uploads\/2019\/06\/WhatsApp-Image-2019-06-21-at-9.09.13-AM-2-768x576.jpeg 768w, https:\/\/eldiariodesanpedro.com.ar\/sitio\/wp-content\/uploads\/2019\/06\/WhatsApp-Image-2019-06-21-at-9.09.13-AM-2-1024x768.jpeg 1024w\" data-sizes=\"(max-width: 1040px) 100vw, 1040px\" src=\"data:image\/svg+xml;base64,PHN2ZyB3aWR0aD0iMSIgaGVpZ2h0PSIxIiB4bWxucz0iaHR0cDovL3d3dy53My5vcmcvMjAwMC9zdmciPjwvc3ZnPg==\" style=\"--smush-placeholder-width: 1040px; --smush-placeholder-aspect-ratio: 1040\/780;\" \/><\/figure><\/li><li class=\"blocks-gallery-item\"><figure><img decoding=\"async\" width=\"780\" height=\"1040\" data-attachment-id=\"54867\" data-permalink=\"https:\/\/eldiariodesanpedro.com.ar\/sitio\/operativo-saturacion-19-personas-aprehendidas\/whatsapp-image-2019-06-21-at-9-09-13-am\/\" data-orig-file=\"https:\/\/eldiariodesanpedro.com.ar\/sitio\/wp-content\/uploads\/2019\/06\/WhatsApp-Image-2019-06-21-at-9.09.13-AM.jpeg\" data-orig-size=\"780,1040\" data-comments-opened=\"1\" data-image-meta=\"{&quot;aperture&quot;:&quot;0&quot;,&quot;credit&quot;:&quot;&quot;,&quot;camera&quot;:&quot;&quot;,&quot;caption&quot;:&quot;&quot;,&quot;created_timestamp&quot;:&quot;0&quot;,&quot;copyright&quot;:&quot;&quot;,&quot;focal_length&quot;:&quot;0&quot;,&quot;iso&quot;:&quot;0&quot;,&quot;shutter_speed&quot;:&quot;0&quot;,&quot;title&quot;:&quot;&quot;,&quot;orientation&quot;:&quot;0&quot;}\" data-image-title=\"WhatsApp Image 2019-06-21 at 9.09.13 AM\" data-image-description=\"\" data-image-caption=\"\" data-large-file=\"https:\/\/eldiariodesanpedro.com.ar\/sitio\/wp-content\/uploads\/2019\/06\/WhatsApp-Image-2019-06-21-at-9.09.13-AM-768x1024.jpeg\" data-src=\"https:\/\/i0.wp.com\/eldiariodesanpedro.com.ar\/sitio\/wp-content\/uploads\/2019\/06\/WhatsApp-Image-2019-06-21-at-9.09.13-AM.jpeg?fit=660%2C880\" alt=\"\" data-id=\"54867\" data-link=\"https:\/\/eldiariodesanpedro.com.ar\/sitio\/?attachment_id=54867\" class=\"wp-image-54867 lazyload\" data-srcset=\"https:\/\/eldiariodesanpedro.com.ar\/sitio\/wp-content\/uploads\/2019\/06\/WhatsApp-Image-2019-06-21-at-9.09.13-AM.jpeg 780w, https:\/\/eldiariodesanpedro.com.ar\/sitio\/wp-content\/uploads\/2019\/06\/WhatsApp-Image-2019-06-21-at-9.09.13-AM-225x300.jpeg 225w, https:\/\/eldiariodesanpedro.com.ar\/sitio\/wp-content\/uploads\/2019\/06\/WhatsApp-Image-2019-06-21-at-9.09.13-AM-768x1024.jpeg 768w\" data-sizes=\"(max-width: 780px) 100vw, 780px\" src=\"data:image\/svg+xml;base64,PHN2ZyB3aWR0aD0iMSIgaGVpZ2h0PSIxIiB4bWxucz0iaHR0cDovL3d3dy53My5vcmcvMjAwMC9zdmciPjwvc3ZnPg==\" style=\"--smush-placeholder-width: 780px; --smush-placeholder-aspect-ratio: 780\/1040;\" \/><\/figure><\/li><li class=\"blocks-gallery-item\"><figure><img decoding=\"async\" width=\"1024\" height=\"768\" data-attachment-id=\"54868\" data-permalink=\"https:\/\/eldiariodesanpedro.com.ar\/sitio\/operativo-saturacion-19-personas-aprehendidas\/whatsapp-image-2019-06-21-at-9-09-14-am-1\/\" data-orig-file=\"https:\/\/eldiariodesanpedro.com.ar\/sitio\/wp-content\/uploads\/2019\/06\/WhatsApp-Image-2019-06-21-at-9.09.14-AM-1.jpeg\" data-orig-size=\"1024,768\" data-comments-opened=\"1\" data-image-meta=\"{&quot;aperture&quot;:&quot;0&quot;,&quot;credit&quot;:&quot;&quot;,&quot;camera&quot;:&quot;&quot;,&quot;caption&quot;:&quot;&quot;,&quot;created_timestamp&quot;:&quot;0&quot;,&quot;copyright&quot;:&quot;&quot;,&quot;focal_length&quot;:&quot;0&quot;,&quot;iso&quot;:&quot;0&quot;,&quot;shutter_speed&quot;:&quot;0&quot;,&quot;title&quot;:&quot;&quot;,&quot;orientation&quot;:&quot;0&quot;}\" data-image-title=\"WhatsApp Image 2019-06-21 at 9.09.14 AM (1)\" data-image-description=\"\" data-image-caption=\"\" data-large-file=\"https:\/\/eldiariodesanpedro.com.ar\/sitio\/wp-content\/uploads\/2019\/06\/WhatsApp-Image-2019-06-21-at-9.09.14-AM-1-1024x768.jpeg\" data-src=\"https:\/\/i2.wp.com\/eldiariodesanpedro.com.ar\/sitio\/wp-content\/uploads\/2019\/06\/WhatsApp-Image-2019-06-21-at-9.09.14-AM-1.jpeg?fit=660%2C495\" alt=\"\" data-id=\"54868\" data-link=\"https:\/\/eldiariodesanpedro.com.ar\/sitio\/?attachment_id=54868\" class=\"wp-image-54868 lazyload\" data-srcset=\"https:\/\/eldiariodesanpedro.com.ar\/sitio\/wp-content\/uploads\/2019\/06\/WhatsApp-Image-2019-06-21-at-9.09.14-AM-1.jpeg 1024w, https:\/\/eldiariodesanpedro.com.ar\/sitio\/wp-content\/uploads\/2019\/06\/WhatsApp-Image-2019-06-21-at-9.09.14-AM-1-300x225.jpeg 300w, https:\/\/eldiariodesanpedro.com.ar\/sitio\/wp-content\/uploads\/2019\/06\/WhatsApp-Image-2019-06-21-at-9.09.14-AM-1-768x576.jpeg 768w\" data-sizes=\"(max-width: 1024px) 100vw, 1024px\" src=\"data:image\/svg+xml;base64,PHN2ZyB3aWR0aD0iMSIgaGVpZ2h0PSIxIiB4bWxucz0iaHR0cDovL3d3dy53My5vcmcvMjAwMC9zdmciPjwvc3ZnPg==\" style=\"--smush-placeholder-width: 1024px; --smush-placeholder-aspect-ratio: 1024\/768;\" \/><\/figure><\/li><li class=\"blocks-gallery-item\"><figure><img decoding=\"async\" width=\"1280\" height=\"960\" data-attachment-id=\"54869\" data-permalink=\"https:\/\/eldiariodesanpedro.com.ar\/sitio\/operativo-saturacion-19-personas-aprehendidas\/whatsapp-image-2019-06-21-at-9-09-14-am\/\" data-orig-file=\"https:\/\/eldiariodesanpedro.com.ar\/sitio\/wp-content\/uploads\/2019\/06\/WhatsApp-Image-2019-06-21-at-9.09.14-AM.jpeg\" data-orig-size=\"1280,960\" data-comments-opened=\"1\" data-image-meta=\"{&quot;aperture&quot;:&quot;0&quot;,&quot;credit&quot;:&quot;&quot;,&quot;camera&quot;:&quot;&quot;,&quot;caption&quot;:&quot;&quot;,&quot;created_timestamp&quot;:&quot;0&quot;,&quot;copyright&quot;:&quot;&quot;,&quot;focal_length&quot;:&quot;0&quot;,&quot;iso&quot;:&quot;0&quot;,&quot;shutter_speed&quot;:&quot;0&quot;,&quot;title&quot;:&quot;&quot;,&quot;orientation&quot;:&quot;0&quot;}\" data-image-title=\"WhatsApp Image 2019-06-21 at 9.09.14 AM\" data-image-description=\"\" data-image-caption=\"\" data-large-file=\"https:\/\/eldiariodesanpedro.com.ar\/sitio\/wp-content\/uploads\/2019\/06\/WhatsApp-Image-2019-06-21-at-9.09.14-AM-1024x768.jpeg\" data-src=\"https:\/\/i0.wp.com\/eldiariodesanpedro.com.ar\/sitio\/wp-content\/uploads\/2019\/06\/WhatsApp-Image-2019-06-21-at-9.09.14-AM.jpeg?fit=660%2C495\" alt=\"\" data-id=\"54869\" data-link=\"https:\/\/eldiariodesanpedro.com.ar\/sitio\/?attachment_id=54869\" class=\"wp-image-54869 lazyload\" data-srcset=\"https:\/\/eldiariodesanpedro.com.ar\/sitio\/wp-content\/uploads\/2019\/06\/WhatsApp-Image-2019-06-21-at-9.09.14-AM.jpeg 1280w, https:\/\/eldiariodesanpedro.com.ar\/sitio\/wp-content\/uploads\/2019\/06\/WhatsApp-Image-2019-06-21-at-9.09.14-AM-300x225.jpeg 300w, https:\/\/eldiariodesanpedro.com.ar\/sitio\/wp-content\/uploads\/2019\/06\/WhatsApp-Image-2019-06-21-at-9.09.14-AM-768x576.jpeg 768w, https:\/\/eldiariodesanpedro.com.ar\/sitio\/wp-content\/uploads\/2019\/06\/WhatsApp-Image-2019-06-21-at-9.09.14-AM-1024x768.jpeg 1024w\" data-sizes=\"(max-width: 1280px) 100vw, 1280px\" src=\"data:image\/svg+xml;base64,PHN2ZyB3aWR0aD0iMSIgaGVpZ2h0PSIxIiB4bWxucz0iaHR0cDovL3d3dy53My5vcmcvMjAwMC9zdmciPjwvc3ZnPg==\" style=\"--smush-placeholder-width: 1280px; --smush-placeholder-aspect-ratio: 1280\/960;\" \/><\/figure><\/li><\/ul>\n\n\n\n<p><\/p>\n","protected":false},"excerpt":{"rendered":"<p>La Jefatura de Polic\u00eda Departamental de nuestra ciudad, a cargo de el comisario Juan Ram\u00f3n Catalano realizo un amplio operativo de saturacion en conjunto con el Grupo de Apoyo Departamental de San Nicolas GAD, \u00a0a cargo del Comisario Jos\u00e9 Cortez,\u00a0 obteniendo un exitoso resultado con 19 personas aprehendidas, por distintos hechos delictivos. Ademas hubo secuestro [&hellip;]<\/p>\n","protected":false},"author":4,"featured_media":54866,"comment_status":"open","ping_status":"closed","sticky":false,"template":"","format":"standard","meta":{"om_disable_all_campaigns":false,"_jetpack_memberships_contains_paid_content":false,"footnotes":""},"categories":[50,2,103],"tags":[],"class_list":["post-54844","post","type-post","status-publish","format-standard","has-post-thumbnail","hentry","category-destacadas","category-locales","category-policiales-locales"],"aioseo_notices":[],"gutentor_comment":0,"jetpack_featured_media_url":"https:\/\/eldiariodesanpedro.com.ar\/sitio\/wp-content\/uploads\/2019\/06\/WhatsApp-Image-2019-06-21-at-9.09.13-AM-2.jpeg","jetpack_shortlink":"https:\/\/wp.me\/p6RhLt-egA","jetpack_sharing_enabled":true,"_links":{"self":[{"href":"https:\/\/eldiariodesanpedro.com.ar\/sitio\/wp-json\/wp\/v2\/posts\/54844","targetHints":{"allow":["GET"]}}],"collection":[{"href":"https:\/\/eldiariodesanpedro.com.ar\/sitio\/wp-json\/wp\/v2\/posts"}],"about":[{"href":"https:\/\/eldiariodesanpedro.com.ar\/sitio\/wp-json\/wp\/v2\/types\/post"}],"author":[{"embeddable":true,"href":"https:\/\/eldiariodesanpedro.com.ar\/sitio\/wp-json\/wp\/v2\/users\/4"}],"replies":[{"embeddable":true,"href":"https:\/\/eldiariodesanpedro.com.ar\/sitio\/wp-json\/wp\/v2\/comments?post=54844"}],"version-history":[{"count":1,"href":"https:\/\/eldiariodesanpedro.com.ar\/sitio\/wp-json\/wp\/v2\/posts\/54844\/revisions"}],"predecessor-version":[{"id":54871,"href":"https:\/\/eldiariodesanpedro.com.ar\/sitio\/wp-json\/wp\/v2\/posts\/54844\/revisions\/54871"}],"wp:featuredmedia":[{"embeddable":true,"href":"https:\/\/eldiariodesanpedro.com.ar\/sitio\/wp-json\/wp\/v2\/media\/54866"}],"wp:attachment":[{"href":"https:\/\/eldiariodesanpedro.com.ar\/sitio\/wp-json\/wp\/v2\/media?parent=54844"}],"wp:term":[{"taxonomy":"category","embeddable":true,"href":"https:\/\/eldiariodesanpedro.com.ar\/sitio\/wp-json\/wp\/v2\/categories?post=54844"},{"taxonomy":"post_tag","embeddable":true,"href":"https:\/\/eldiariodesanpedro.com.ar\/sitio\/wp-json\/wp\/v2\/tags?post=54844"}],"curies":[{"name":"wp","href":"https:\/\/api.w.org\/{rel}","templated":true}]}}