{"id":54834,"date":"2019-06-20T15:34:03","date_gmt":"2019-06-20T18:34:03","guid":{"rendered":"https:\/\/eldiariodesanpedro.com.ar\/sitio\/?p=54834"},"modified":"2019-06-20T15:34:07","modified_gmt":"2019-06-20T18:34:07","slug":"colisiono-contra-una-pared-en-un-evidente-estado-de-ebriedad","status":"publish","type":"post","link":"https:\/\/eldiariodesanpedro.com.ar\/sitio\/colisiono-contra-una-pared-en-un-evidente-estado-de-ebriedad\/","title":{"rendered":"Colision\u00f3 contra una pared en un evidente estado de ebriedad"},"content":{"rendered":"<!-- VideographyWP Plugin Message: Automatic video embedding prevented by plugin options. -->\n\n<p>Esta madrugada de jueves alrededor de las 6:30 hs el personal policial alertado en calle Col\u00f3n y Nuestra se\u00f1ora del Socorro, aprehenden a masculino de 45 a\u00f1os, quien se fugaba en su autom\u00f3vil Ford Fiesta color gris, tras provocar da\u00f1o colisionando frente de domicilio calle Padre Santana 1200, propiedad de masculino de 44 a\u00f1os. <\/p>\n\n\n\n<p>El conductor fue aprehendido en aparente estado de ebriedad, estado de excitaci\u00f3n, al momento de identificaci\u00f3n se resiste y niega a realizar test de alcoholemia.<\/p>\n\n\n\n<p>Permanece alojado a disposici\u00f3n de la fiscal\u00eda en turno local. Rodado secuestro por Juzgado de Faltas. y el damnificado realizo la denuncia por da\u00f1os a la propiedad.<\/p>\n","protected":false},"excerpt":{"rendered":"<p>Esta madrugada de jueves alrededor de las 6:30 hs el personal policial alertado en calle Col\u00f3n y Nuestra se\u00f1ora del Socorro, aprehenden a masculino de 45 a\u00f1os, quien se fugaba en su autom\u00f3vil Ford Fiesta color gris, tras provocar da\u00f1o colisionando frente de domicilio calle Padre Santana 1200, propiedad de masculino de 44 a\u00f1os. El [&hellip;]<\/p>\n","protected":false},"author":4,"featured_media":54835,"comment_status":"open","ping_status":"closed","sticky":false,"template":"","format":"standard","meta":{"om_disable_all_campaigns":false,"_jetpack_memberships_contains_paid_content":false,"footnotes":""},"categories":[101,2],"tags":[],"class_list":["post-54834","post","type-post","status-publish","format-standard","has-post-thumbnail","hentry","category-interes-general-locales","category-locales"],"aioseo_notices":[],"gutentor_comment":0,"jetpack_featured_media_url":"https:\/\/eldiariodesanpedro.com.ar\/sitio\/wp-content\/uploads\/2019\/06\/0866b87f-fbef-49f6-8ff2-6b6954066cef_1.jpg","jetpack_shortlink":"https:\/\/wp.me\/p6RhLt-egq","jetpack_sharing_enabled":true,"_links":{"self":[{"href":"https:\/\/eldiariodesanpedro.com.ar\/sitio\/wp-json\/wp\/v2\/posts\/54834","targetHints":{"allow":["GET"]}}],"collection":[{"href":"https:\/\/eldiariodesanpedro.com.ar\/sitio\/wp-json\/wp\/v2\/posts"}],"about":[{"href":"https:\/\/eldiariodesanpedro.com.ar\/sitio\/wp-json\/wp\/v2\/types\/post"}],"author":[{"embeddable":true,"href":"https:\/\/eldiariodesanpedro.com.ar\/sitio\/wp-json\/wp\/v2\/users\/4"}],"replies":[{"embeddable":true,"href":"https:\/\/eldiariodesanpedro.com.ar\/sitio\/wp-json\/wp\/v2\/comments?post=54834"}],"version-history":[{"count":1,"href":"https:\/\/eldiariodesanpedro.com.ar\/sitio\/wp-json\/wp\/v2\/posts\/54834\/revisions"}],"predecessor-version":[{"id":54836,"href":"https:\/\/eldiariodesanpedro.com.ar\/sitio\/wp-json\/wp\/v2\/posts\/54834\/revisions\/54836"}],"wp:featuredmedia":[{"embeddable":true,"href":"https:\/\/eldiariodesanpedro.com.ar\/sitio\/wp-json\/wp\/v2\/media\/54835"}],"wp:attachment":[{"href":"https:\/\/eldiariodesanpedro.com.ar\/sitio\/wp-json\/wp\/v2\/media?parent=54834"}],"wp:term":[{"taxonomy":"category","embeddable":true,"href":"https:\/\/eldiariodesanpedro.com.ar\/sitio\/wp-json\/wp\/v2\/categories?post=54834"},{"taxonomy":"post_tag","embeddable":true,"href":"https:\/\/eldiariodesanpedro.com.ar\/sitio\/wp-json\/wp\/v2\/tags?post=54834"}],"curies":[{"name":"wp","href":"https:\/\/api.w.org\/{rel}","templated":true}]}}