{"id":54832,"date":"2019-06-20T15:22:24","date_gmt":"2019-06-20T18:22:24","guid":{"rendered":"https:\/\/eldiariodesanpedro.com.ar\/sitio\/?p=54832"},"modified":"2019-06-20T15:22:29","modified_gmt":"2019-06-20T18:22:29","slug":"colision-entre-dos-motocicletas-2","status":"publish","type":"post","link":"https:\/\/eldiariodesanpedro.com.ar\/sitio\/colision-entre-dos-motocicletas-2\/","title":{"rendered":"Colisi\u00f3n entre dos motocicletas"},"content":{"rendered":"<!-- VideographyWP Plugin Message: Automatic video embedding prevented by plugin options. -->\n\n<p>Este mi\u00e9rcoles en horas de la tarde 17:15 hs en la intersecci\u00f3n de Irlanda y Almafuerte, por razones se trata de establecer una mujer de 28 a\u00f1os, a bordo de motocicleta 70 cc colisiona con otra motocicleta conducida por otra femenina la cual no se detiene y sigue marcha. <\/p>\n\n\n\n<p>Por lesiones leves se traslad\u00f3 a una de las mujeres en el servicio del SAME.<\/p>\n","protected":false},"excerpt":{"rendered":"<p>Este mi\u00e9rcoles en horas de la tarde 17:15 hs en la intersecci\u00f3n de Irlanda y Almafuerte, por razones se trata de establecer una mujer de 28 a\u00f1os, a bordo de motocicleta 70 cc colisiona con otra motocicleta conducida por otra femenina la cual no se detiene y sigue marcha. Por lesiones leves se traslad\u00f3 a [&hellip;]<\/p>\n","protected":false},"author":4,"featured_media":44361,"comment_status":"open","ping_status":"closed","sticky":false,"template":"","format":"standard","meta":{"om_disable_all_campaigns":false,"_jetpack_memberships_contains_paid_content":false,"footnotes":""},"categories":[2,103],"tags":[],"class_list":["post-54832","post","type-post","status-publish","format-standard","has-post-thumbnail","hentry","category-locales","category-policiales-locales"],"aioseo_notices":[],"gutentor_comment":0,"jetpack_featured_media_url":"https:\/\/eldiariodesanpedro.com.ar\/sitio\/wp-content\/uploads\/2018\/11\/ambulancia-same.jpg","jetpack_shortlink":"https:\/\/wp.me\/p6RhLt-ego","jetpack_sharing_enabled":true,"_links":{"self":[{"href":"https:\/\/eldiariodesanpedro.com.ar\/sitio\/wp-json\/wp\/v2\/posts\/54832","targetHints":{"allow":["GET"]}}],"collection":[{"href":"https:\/\/eldiariodesanpedro.com.ar\/sitio\/wp-json\/wp\/v2\/posts"}],"about":[{"href":"https:\/\/eldiariodesanpedro.com.ar\/sitio\/wp-json\/wp\/v2\/types\/post"}],"author":[{"embeddable":true,"href":"https:\/\/eldiariodesanpedro.com.ar\/sitio\/wp-json\/wp\/v2\/users\/4"}],"replies":[{"embeddable":true,"href":"https:\/\/eldiariodesanpedro.com.ar\/sitio\/wp-json\/wp\/v2\/comments?post=54832"}],"version-history":[{"count":1,"href":"https:\/\/eldiariodesanpedro.com.ar\/sitio\/wp-json\/wp\/v2\/posts\/54832\/revisions"}],"predecessor-version":[{"id":54833,"href":"https:\/\/eldiariodesanpedro.com.ar\/sitio\/wp-json\/wp\/v2\/posts\/54832\/revisions\/54833"}],"wp:featuredmedia":[{"embeddable":true,"href":"https:\/\/eldiariodesanpedro.com.ar\/sitio\/wp-json\/wp\/v2\/media\/44361"}],"wp:attachment":[{"href":"https:\/\/eldiariodesanpedro.com.ar\/sitio\/wp-json\/wp\/v2\/media?parent=54832"}],"wp:term":[{"taxonomy":"category","embeddable":true,"href":"https:\/\/eldiariodesanpedro.com.ar\/sitio\/wp-json\/wp\/v2\/categories?post=54832"},{"taxonomy":"post_tag","embeddable":true,"href":"https:\/\/eldiariodesanpedro.com.ar\/sitio\/wp-json\/wp\/v2\/tags?post=54832"}],"curies":[{"name":"wp","href":"https:\/\/api.w.org\/{rel}","templated":true}]}}