{"id":54829,"date":"2019-06-20T15:18:17","date_gmt":"2019-06-20T18:18:17","guid":{"rendered":"https:\/\/eldiariodesanpedro.com.ar\/sitio\/?p=54829"},"modified":"2019-06-20T15:18:22","modified_gmt":"2019-06-20T18:18:22","slug":"anunciaron-ciclo-de-charlas-en-el-hospital-sadiv","status":"publish","type":"post","link":"https:\/\/eldiariodesanpedro.com.ar\/sitio\/anunciaron-ciclo-de-charlas-en-el-hospital-sadiv\/","title":{"rendered":"Anunciaron ciclo de charlas en el Hospital Sadiv"},"content":{"rendered":"<!-- VideographyWP Plugin Message: Automatic video embedding prevented by plugin options. -->\n\n<p>Mediante una conferencia de prensa el Dr. Eduardo Liljesthrom dio a conocer detalles de las reuniones que se realizar\u00e1n todos los viernes y ser\u00e1 abierta a toda la comunidad.<\/p>\n\n\n\n<p>El Hospital Sadiv ofrece desde este mes y hasta fin de a\u00f1o un ciclo de charlas abiertas a la comunidad con el objetivo de informar a la poblaci\u00f3n sobre estilos de vida saludable.<\/p>\n\n\n\n<p>El anuncio estuvo a cargo del Dr. Eduardo Liljesthrom quien confirm\u00f3 que las reuniones ser\u00e1n todos los viernes&nbsp; las 19 horas y la primera profesional en disertar ser\u00e1 la licenciada Melina Lais quien se referir\u00e1 a la nutrici\u00f3n.<\/p>\n\n\n\n<p>\u201cEl equipo m\u00e9dico est\u00e1 convencido que en este momento es mucho m\u00e1s importante ir por delante de los problemas de salud y estar actualizado con los estilos de vida que ayudan a prevenir enfermedades\u201d, destac\u00f3 el m\u00e9dico.<\/p>\n\n\n\n<p>Fuente: San Pedro Informa<\/p>\n","protected":false},"excerpt":{"rendered":"<p>Mediante una conferencia de prensa el Dr. Eduardo Liljesthrom dio a conocer detalles de las reuniones que se realizar\u00e1n todos los viernes y ser\u00e1 abierta a toda la comunidad. El Hospital Sadiv ofrece desde este mes y hasta fin de a\u00f1o un ciclo de charlas abiertas a la comunidad con el objetivo de informar a [&hellip;]<\/p>\n","protected":false},"author":4,"featured_media":54830,"comment_status":"open","ping_status":"closed","sticky":false,"template":"","format":"standard","meta":{"om_disable_all_campaigns":false,"_jetpack_memberships_contains_paid_content":false,"footnotes":""},"categories":[101,2],"tags":[],"class_list":["post-54829","post","type-post","status-publish","format-standard","has-post-thumbnail","hentry","category-interes-general-locales","category-locales"],"aioseo_notices":[],"gutentor_comment":0,"jetpack_featured_media_url":"https:\/\/eldiariodesanpedro.com.ar\/sitio\/wp-content\/uploads\/2019\/06\/000077864.jpg","jetpack_shortlink":"https:\/\/wp.me\/p6RhLt-egl","jetpack_sharing_enabled":true,"_links":{"self":[{"href":"https:\/\/eldiariodesanpedro.com.ar\/sitio\/wp-json\/wp\/v2\/posts\/54829","targetHints":{"allow":["GET"]}}],"collection":[{"href":"https:\/\/eldiariodesanpedro.com.ar\/sitio\/wp-json\/wp\/v2\/posts"}],"about":[{"href":"https:\/\/eldiariodesanpedro.com.ar\/sitio\/wp-json\/wp\/v2\/types\/post"}],"author":[{"embeddable":true,"href":"https:\/\/eldiariodesanpedro.com.ar\/sitio\/wp-json\/wp\/v2\/users\/4"}],"replies":[{"embeddable":true,"href":"https:\/\/eldiariodesanpedro.com.ar\/sitio\/wp-json\/wp\/v2\/comments?post=54829"}],"version-history":[{"count":1,"href":"https:\/\/eldiariodesanpedro.com.ar\/sitio\/wp-json\/wp\/v2\/posts\/54829\/revisions"}],"predecessor-version":[{"id":54831,"href":"https:\/\/eldiariodesanpedro.com.ar\/sitio\/wp-json\/wp\/v2\/posts\/54829\/revisions\/54831"}],"wp:featuredmedia":[{"embeddable":true,"href":"https:\/\/eldiariodesanpedro.com.ar\/sitio\/wp-json\/wp\/v2\/media\/54830"}],"wp:attachment":[{"href":"https:\/\/eldiariodesanpedro.com.ar\/sitio\/wp-json\/wp\/v2\/media?parent=54829"}],"wp:term":[{"taxonomy":"category","embeddable":true,"href":"https:\/\/eldiariodesanpedro.com.ar\/sitio\/wp-json\/wp\/v2\/categories?post=54829"},{"taxonomy":"post_tag","embeddable":true,"href":"https:\/\/eldiariodesanpedro.com.ar\/sitio\/wp-json\/wp\/v2\/tags?post=54829"}],"curies":[{"name":"wp","href":"https:\/\/api.w.org\/{rel}","templated":true}]}}