{"id":54823,"date":"2019-06-20T15:16:23","date_gmt":"2019-06-20T18:16:23","guid":{"rendered":"https:\/\/eldiariodesanpedro.com.ar\/sitio\/?p=54823"},"modified":"2019-06-20T15:16:28","modified_gmt":"2019-06-20T18:16:28","slug":"homenaje-a-belgrano-dia-de-la-bandera-y-promesa-de-alumnos-de-4o-ano","status":"publish","type":"post","link":"https:\/\/eldiariodesanpedro.com.ar\/sitio\/homenaje-a-belgrano-dia-de-la-bandera-y-promesa-de-alumnos-de-4o-ano\/","title":{"rendered":"Homenaje a Belgrano, D\u00eda de la Bandera y Promesa de Alumnos de 4\u00ba a\u00f1o"},"content":{"rendered":"<!-- VideographyWP Plugin Message: Automatic video embedding prevented by plugin options. -->\n\n<p> En una ma\u00f1ana a pleno sol, que comenz\u00f3 con la colocaci\u00f3n de una ofrenda floral en el Monumento a Manuel Belgrano en la plaza que lleva su nombre, se cumpli\u00f3 al pie del m\u00e1stil ubicado en la plazoleta de 9 de Julio y Thorne con el acto de homenaje a 199 a\u00f1os de su muerte y del D\u00eda de la Bandera Nacional.<\/p>\n\n\n\n<p>Estuvieron presentes autoridades del gobierno municipal, Honorable Concejo Deliberante, organismos educativos, instituciones, fuerzas de seguridad y diferentes sectores de la comunidad que fueron invitados, adem\u00e1s de vecinos que se acercaron a compartir este acto.<\/p>\n\n\n\n<p>Luego del desfile de las delegaciones escolares, el Intendente Salazar, la presidente del HCD M\u00f3nica Otero y representantes de las fuerzas de seguridad, cumplieron el izamiento del Pabell\u00f3n Nacional y los alumnos entonaron Aurora para acompa\u00f1ar esta ceremonia, que antecedi\u00f3 a la interpretaci\u00f3n del Himno Nacional Argentino acompa\u00f1ado tambi\u00e9n por Lenguaje de Se\u00f1as.\u00a0<\/p>\n\n\n\n<p>La Jefa Distrital de Educaci\u00f3n Mercedes Vell\u00f3n, record\u00f3 a Manuel Belgrano por su acto heroico y desafiante, desconociendo a la autoridad de Espa\u00f1a y transformando un pedazo de tela en un s\u00edmbolo de unidad. Record\u00f3 que el coraz\u00f3n de todos late celeste y blanco e hizo un llamado a los chicos para retomar ejemplos como el de Belgrano y seguir por el camino del estudio, la tolerancia, la paz y la amistad. A los adultos les pidi\u00f3 que por sobre las banderas ideol\u00f3gicas dejen el lugar m\u00e1s alto para la bandera nacional que nos une.<\/p>\n\n\n\n<p>El Intendente Salazar, repas\u00f3 algunas frases del General Manuel Belgrano a quien \u00abcon poco tiempo, le alcanz\u00f3 para marcar caminos, pensamientos e ideales, de los que lamentablemente nos apartamos con mucha facilidad y recordamos en las fechas patrias\u00bb. M\u00e1s adelante, apunt\u00f3 que Belgrano dec\u00eda hace 200 a\u00f1os que sin educaci\u00f3n \u00abnunca seremos m\u00e1s que lo que desgraciadamente somos\u00bb, e hizo un nuevo llamado a la unidad de todos, para lograr un pa\u00eds y especialmente una ciudad con un horizonte mejor, especialmente para las nuevas generaciones, representadas por los ni\u00f1os que, tras su mensaje, cumplieron con la tradicional Promesa a la Bandera. <\/p>\n\n\n\n<figure class=\"wp-block-image\"><img decoding=\"async\" width=\"865\" height=\"1024\" data-attachment-id=\"54824\" data-permalink=\"https:\/\/eldiariodesanpedro.com.ar\/sitio\/homenaje-a-belgrano-dia-de-la-bandera-y-promesa-de-alumnos-de-4o-ano\/2-64\/\" data-orig-file=\"https:\/\/eldiariodesanpedro.com.ar\/sitio\/wp-content\/uploads\/2019\/06\/2.jpg\" data-orig-size=\"3053,3613\" data-comments-opened=\"1\" data-image-meta=\"{&quot;aperture&quot;:&quot;20&quot;,&quot;credit&quot;:&quot;&quot;,&quot;camera&quot;:&quot;Canon EOS 5D Mark III&quot;,&quot;caption&quot;:&quot;&quot;,&quot;created_timestamp&quot;:&quot;1568715862&quot;,&quot;copyright&quot;:&quot;&quot;,&quot;focal_length&quot;:&quot;24&quot;,&quot;iso&quot;:&quot;320&quot;,&quot;shutter_speed&quot;:&quot;0.005&quot;,&quot;title&quot;:&quot;&quot;,&quot;orientation&quot;:&quot;0&quot;}\" data-image-title=\"2\" data-image-description=\"\" data-image-caption=\"\" data-large-file=\"https:\/\/eldiariodesanpedro.com.ar\/sitio\/wp-content\/uploads\/2019\/06\/2-865x1024.jpg\" data-src=\"https:\/\/eldiariodesanpedro.com.ar\/sitio\/wp-content\/uploads\/2019\/06\/2-865x1024.jpg\" alt=\"\" class=\"wp-image-54824 lazyload\" data-srcset=\"https:\/\/eldiariodesanpedro.com.ar\/sitio\/wp-content\/uploads\/2019\/06\/2-865x1024.jpg 865w, https:\/\/eldiariodesanpedro.com.ar\/sitio\/wp-content\/uploads\/2019\/06\/2-254x300.jpg 254w, https:\/\/eldiariodesanpedro.com.ar\/sitio\/wp-content\/uploads\/2019\/06\/2-768x909.jpg 768w\" data-sizes=\"(max-width: 865px) 100vw, 865px\" src=\"data:image\/svg+xml;base64,PHN2ZyB3aWR0aD0iMSIgaGVpZ2h0PSIxIiB4bWxucz0iaHR0cDovL3d3dy53My5vcmcvMjAwMC9zdmciPjwvc3ZnPg==\" style=\"--smush-placeholder-width: 865px; --smush-placeholder-aspect-ratio: 865\/1024;\" \/><\/figure>\n\n\n\n<figure class=\"wp-block-image\"><img decoding=\"async\" width=\"1024\" height=\"683\" data-attachment-id=\"54827\" data-permalink=\"https:\/\/eldiariodesanpedro.com.ar\/sitio\/homenaje-a-belgrano-dia-de-la-bandera-y-promesa-de-alumnos-de-4o-ano\/attachment\/31\/\" data-orig-file=\"https:\/\/eldiariodesanpedro.com.ar\/sitio\/wp-content\/uploads\/2019\/06\/31.jpg\" data-orig-size=\"5760,3840\" data-comments-opened=\"1\" data-image-meta=\"{&quot;aperture&quot;:&quot;20&quot;,&quot;credit&quot;:&quot;&quot;,&quot;camera&quot;:&quot;Canon EOS 5D Mark III&quot;,&quot;caption&quot;:&quot;&quot;,&quot;created_timestamp&quot;:&quot;1568716929&quot;,&quot;copyright&quot;:&quot;&quot;,&quot;focal_length&quot;:&quot;24&quot;,&quot;iso&quot;:&quot;400&quot;,&quot;shutter_speed&quot;:&quot;0.005&quot;,&quot;title&quot;:&quot;&quot;,&quot;orientation&quot;:&quot;0&quot;}\" data-image-title=\"31\" data-image-description=\"\" data-image-caption=\"\" data-large-file=\"https:\/\/eldiariodesanpedro.com.ar\/sitio\/wp-content\/uploads\/2019\/06\/31-1024x683.jpg\" data-src=\"https:\/\/eldiariodesanpedro.com.ar\/sitio\/wp-content\/uploads\/2019\/06\/31-1024x683.jpg\" alt=\"\" class=\"wp-image-54827 lazyload\" data-srcset=\"https:\/\/eldiariodesanpedro.com.ar\/sitio\/wp-content\/uploads\/2019\/06\/31-1024x683.jpg 1024w, https:\/\/eldiariodesanpedro.com.ar\/sitio\/wp-content\/uploads\/2019\/06\/31-300x200.jpg 300w, https:\/\/eldiariodesanpedro.com.ar\/sitio\/wp-content\/uploads\/2019\/06\/31-768x512.jpg 768w\" data-sizes=\"(max-width: 1024px) 100vw, 1024px\" src=\"data:image\/svg+xml;base64,PHN2ZyB3aWR0aD0iMSIgaGVpZ2h0PSIxIiB4bWxucz0iaHR0cDovL3d3dy53My5vcmcvMjAwMC9zdmciPjwvc3ZnPg==\" style=\"--smush-placeholder-width: 1024px; --smush-placeholder-aspect-ratio: 1024\/683;\" \/><\/figure>\n\n\n\n<figure class=\"wp-block-image\"><img decoding=\"async\" width=\"1024\" height=\"633\" data-attachment-id=\"54826\" data-permalink=\"https:\/\/eldiariodesanpedro.com.ar\/sitio\/homenaje-a-belgrano-dia-de-la-bandera-y-promesa-de-alumnos-de-4o-ano\/attachment\/27\/\" data-orig-file=\"https:\/\/eldiariodesanpedro.com.ar\/sitio\/wp-content\/uploads\/2019\/06\/27.jpg\" data-orig-size=\"5416,3346\" data-comments-opened=\"1\" data-image-meta=\"{&quot;aperture&quot;:&quot;18&quot;,&quot;credit&quot;:&quot;&quot;,&quot;camera&quot;:&quot;Canon EOS 5D Mark III&quot;,&quot;caption&quot;:&quot;&quot;,&quot;created_timestamp&quot;:&quot;1568716392&quot;,&quot;copyright&quot;:&quot;&quot;,&quot;focal_length&quot;:&quot;105&quot;,&quot;iso&quot;:&quot;400&quot;,&quot;shutter_speed&quot;:&quot;0.005&quot;,&quot;title&quot;:&quot;&quot;,&quot;orientation&quot;:&quot;0&quot;}\" data-image-title=\"27\" data-image-description=\"\" data-image-caption=\"\" data-large-file=\"https:\/\/eldiariodesanpedro.com.ar\/sitio\/wp-content\/uploads\/2019\/06\/27-1024x633.jpg\" data-src=\"https:\/\/eldiariodesanpedro.com.ar\/sitio\/wp-content\/uploads\/2019\/06\/27-1024x633.jpg\" alt=\"\" class=\"wp-image-54826 lazyload\" data-srcset=\"https:\/\/eldiariodesanpedro.com.ar\/sitio\/wp-content\/uploads\/2019\/06\/27-1024x633.jpg 1024w, https:\/\/eldiariodesanpedro.com.ar\/sitio\/wp-content\/uploads\/2019\/06\/27-300x185.jpg 300w, https:\/\/eldiariodesanpedro.com.ar\/sitio\/wp-content\/uploads\/2019\/06\/27-768x474.jpg 768w\" data-sizes=\"(max-width: 1024px) 100vw, 1024px\" src=\"data:image\/svg+xml;base64,PHN2ZyB3aWR0aD0iMSIgaGVpZ2h0PSIxIiB4bWxucz0iaHR0cDovL3d3dy53My5vcmcvMjAwMC9zdmciPjwvc3ZnPg==\" style=\"--smush-placeholder-width: 1024px; --smush-placeholder-aspect-ratio: 1024\/633;\" \/><\/figure>\n","protected":false},"excerpt":{"rendered":"<p>En una ma\u00f1ana a pleno sol, que comenz\u00f3 con la colocaci\u00f3n de una ofrenda floral en el Monumento a Manuel Belgrano en la plaza que lleva su nombre, se cumpli\u00f3 al pie del m\u00e1stil ubicado en la plazoleta de 9 de Julio y Thorne con el acto de homenaje a 199 a\u00f1os de su muerte [&hellip;]<\/p>\n","protected":false},"author":4,"featured_media":54825,"comment_status":"open","ping_status":"closed","sticky":false,"template":"","format":"standard","meta":{"om_disable_all_campaigns":false,"_jetpack_memberships_contains_paid_content":false,"footnotes":""},"categories":[50,101,2],"tags":[],"class_list":["post-54823","post","type-post","status-publish","format-standard","has-post-thumbnail","hentry","category-destacadas","category-interes-general-locales","category-locales"],"aioseo_notices":[],"gutentor_comment":0,"jetpack_featured_media_url":"https:\/\/eldiariodesanpedro.com.ar\/sitio\/wp-content\/uploads\/2019\/06\/4-3.jpg","jetpack_shortlink":"https:\/\/wp.me\/p6RhLt-egf","jetpack_sharing_enabled":true,"_links":{"self":[{"href":"https:\/\/eldiariodesanpedro.com.ar\/sitio\/wp-json\/wp\/v2\/posts\/54823","targetHints":{"allow":["GET"]}}],"collection":[{"href":"https:\/\/eldiariodesanpedro.com.ar\/sitio\/wp-json\/wp\/v2\/posts"}],"about":[{"href":"https:\/\/eldiariodesanpedro.com.ar\/sitio\/wp-json\/wp\/v2\/types\/post"}],"author":[{"embeddable":true,"href":"https:\/\/eldiariodesanpedro.com.ar\/sitio\/wp-json\/wp\/v2\/users\/4"}],"replies":[{"embeddable":true,"href":"https:\/\/eldiariodesanpedro.com.ar\/sitio\/wp-json\/wp\/v2\/comments?post=54823"}],"version-history":[{"count":1,"href":"https:\/\/eldiariodesanpedro.com.ar\/sitio\/wp-json\/wp\/v2\/posts\/54823\/revisions"}],"predecessor-version":[{"id":54828,"href":"https:\/\/eldiariodesanpedro.com.ar\/sitio\/wp-json\/wp\/v2\/posts\/54823\/revisions\/54828"}],"wp:featuredmedia":[{"embeddable":true,"href":"https:\/\/eldiariodesanpedro.com.ar\/sitio\/wp-json\/wp\/v2\/media\/54825"}],"wp:attachment":[{"href":"https:\/\/eldiariodesanpedro.com.ar\/sitio\/wp-json\/wp\/v2\/media?parent=54823"}],"wp:term":[{"taxonomy":"category","embeddable":true,"href":"https:\/\/eldiariodesanpedro.com.ar\/sitio\/wp-json\/wp\/v2\/categories?post=54823"},{"taxonomy":"post_tag","embeddable":true,"href":"https:\/\/eldiariodesanpedro.com.ar\/sitio\/wp-json\/wp\/v2\/tags?post=54823"}],"curies":[{"name":"wp","href":"https:\/\/api.w.org\/{rel}","templated":true}]}}