{"id":54819,"date":"2019-06-20T12:11:48","date_gmt":"2019-06-20T15:11:48","guid":{"rendered":"https:\/\/eldiariodesanpedro.com.ar\/sitio\/?p=54819"},"modified":"2019-06-20T15:50:50","modified_gmt":"2019-06-20T18:50:50","slug":"late-el-nuevo-corazon-en-oriana","status":"publish","type":"post","link":"https:\/\/eldiariodesanpedro.com.ar\/sitio\/late-el-nuevo-corazon-en-oriana\/","title":{"rendered":"Late el nuevo coraz\u00f3n en Oriana"},"content":{"rendered":"<!-- VideographyWP Plugin Message: Automatic video embedding prevented by plugin options. -->\n\n<p>La operaci\u00f3n fue un \u00e9xito, la ni\u00f1a ya se encuentra con su corazoncito nuevo, es el segundo trasplante que recibe, cuando ten\u00eda un a\u00f1o de vida recibi\u00f3 el primer trasplante porque naci\u00f3 con un problema cong\u00e9nito.<\/p>\n\n\n\n<p>Oriana se encontraba en Emergencia Nacional y este mi\u00e9rcoles 19 de junio, su angel.donante lleg\u00f3.<\/p>\n\n\n\n<p>La intervenci\u00f3n duro m\u00e1s de 4 horas, Ori entra al quir\u00f3fano antes de las 20 y finaliz\u00f3 a las 4 y 45 AM de este jueves a la madrugada.<\/p>\n\n\n\n<p>En el Hospital Garrahan su familia se encuentra con mucha emoci\u00f3n esperando ver a la ni\u00f1a, \u00bb yo la pude ver cu\u00e1ndo sali\u00f3, pero est\u00e1 en terapia intensiva, la operaci\u00f3n sali\u00f3 bien, tenemos que esperar 72 horas para su reacci\u00f3n, pero reci\u00e9n entraron los m\u00e9dicos a verla y le hac\u00edan cosquillas en los pies y ella respond\u00eda bien, ma\u00f1ana ya va arespirar por sus propios medios\u00bb<\/p>\n\n\n\n<p>\u00abNo tengo palabras de agradecimiento, Dios est\u00e1 haciendo un milagro en mi hija, se siente la oraci\u00f3n de toda la gente\u00bb, expresaba su mam\u00e1 entre l\u00e1grimas de emoci\u00f3n. <\/p>\n\n\n\n<p>El v\u00eddeo que muestra como.llega el coraz\u00f3n para Oriana<\/p>\n\n\n\n<figure class=\"wp-block-video\"><video controls src=\"https:\/\/eldiariodesanpedro.com.ar\/sitio\/wp-content\/uploads\/2019\/06\/VID-20190620-WA0009.mp4\"><\/video><\/figure>\n","protected":false},"excerpt":{"rendered":"<p>La operaci\u00f3n fue un \u00e9xito, la ni\u00f1a ya se encuentra con su corazoncito nuevo, es el segundo trasplante que recibe, cuando ten\u00eda un a\u00f1o de vida recibi\u00f3 el primer trasplante porque naci\u00f3 con un problema cong\u00e9nito. Oriana se encontraba en Emergencia Nacional y este mi\u00e9rcoles 19 de junio, su angel.donante lleg\u00f3. La intervenci\u00f3n duro m\u00e1s [&hellip;]<\/p>\n","protected":false},"author":4,"featured_media":54821,"comment_status":"open","ping_status":"closed","sticky":false,"template":"","format":"standard","meta":{"om_disable_all_campaigns":false,"_jetpack_memberships_contains_paid_content":false,"footnotes":""},"categories":[50,101,2],"tags":[],"class_list":["post-54819","post","type-post","status-publish","format-standard","has-post-thumbnail","hentry","category-destacadas","category-interes-general-locales","category-locales"],"aioseo_notices":[],"gutentor_comment":0,"jetpack_featured_media_url":"https:\/\/eldiariodesanpedro.com.ar\/sitio\/wp-content\/uploads\/2019\/06\/FB_IMG_1561043244544.jpg","jetpack_shortlink":"https:\/\/wp.me\/p6RhLt-egb","jetpack_sharing_enabled":true,"_links":{"self":[{"href":"https:\/\/eldiariodesanpedro.com.ar\/sitio\/wp-json\/wp\/v2\/posts\/54819","targetHints":{"allow":["GET"]}}],"collection":[{"href":"https:\/\/eldiariodesanpedro.com.ar\/sitio\/wp-json\/wp\/v2\/posts"}],"about":[{"href":"https:\/\/eldiariodesanpedro.com.ar\/sitio\/wp-json\/wp\/v2\/types\/post"}],"author":[{"embeddable":true,"href":"https:\/\/eldiariodesanpedro.com.ar\/sitio\/wp-json\/wp\/v2\/users\/4"}],"replies":[{"embeddable":true,"href":"https:\/\/eldiariodesanpedro.com.ar\/sitio\/wp-json\/wp\/v2\/comments?post=54819"}],"version-history":[{"count":3,"href":"https:\/\/eldiariodesanpedro.com.ar\/sitio\/wp-json\/wp\/v2\/posts\/54819\/revisions"}],"predecessor-version":[{"id":54840,"href":"https:\/\/eldiariodesanpedro.com.ar\/sitio\/wp-json\/wp\/v2\/posts\/54819\/revisions\/54840"}],"wp:featuredmedia":[{"embeddable":true,"href":"https:\/\/eldiariodesanpedro.com.ar\/sitio\/wp-json\/wp\/v2\/media\/54821"}],"wp:attachment":[{"href":"https:\/\/eldiariodesanpedro.com.ar\/sitio\/wp-json\/wp\/v2\/media?parent=54819"}],"wp:term":[{"taxonomy":"category","embeddable":true,"href":"https:\/\/eldiariodesanpedro.com.ar\/sitio\/wp-json\/wp\/v2\/categories?post=54819"},{"taxonomy":"post_tag","embeddable":true,"href":"https:\/\/eldiariodesanpedro.com.ar\/sitio\/wp-json\/wp\/v2\/tags?post=54819"}],"curies":[{"name":"wp","href":"https:\/\/api.w.org\/{rel}","templated":true}]}}