{"id":54810,"date":"2019-06-19T19:43:21","date_gmt":"2019-06-19T22:43:21","guid":{"rendered":"https:\/\/eldiariodesanpedro.com.ar\/sitio\/?p=54810"},"modified":"2019-06-19T19:43:25","modified_gmt":"2019-06-19T22:43:25","slug":"oriana-recibe-un-nuevo-corazon","status":"publish","type":"post","link":"https:\/\/eldiariodesanpedro.com.ar\/sitio\/oriana-recibe-un-nuevo-corazon\/","title":{"rendered":"Oriana recibe un nuevo coraz\u00f3n"},"content":{"rendered":"<!-- VideographyWP Plugin Message: Automatic video embedding prevented by plugin options. -->\n\n<p>Desde el Hospital Nacional de Pediatr\u00eda Samick \u00abJuan Pedro Garrahan\u00bb confirmaron la noticia tan esperada; Oriana ser\u00e1 trasplantada por segunda vez del corazon.<\/p>\n\n\n\n<p>Su angel llego, los m\u00e9dicos le transmitieron a la familia que ingresara al quir\u00f3fano en las pr\u00f3ximas horas.<\/p>\n\n\n\n<p>Mariana, su mam\u00e1, quien la acompa\u00f1a incansablemente expres\u00f3 su alegr\u00eda a este medio \u00bb gracias a Dios llego el d\u00eda, solo queda rezar para que salga todo bien y Oriana pueda ser feliz de una vez\u00bb.<\/p>\n\n\n\n<p>La ni\u00f1a sufri\u00f3 una cardiopat\u00eda cong\u00e9nita y fue trasplantada el 5 de diciembre de 2009.<\/p>\n\n\n\n<p> En los \u00faltimos meses present\u00f3 complicaciones que obligaron a su internaci\u00f3n en terapia intensiva en el mismo hospital pedi\u00e1trico.<\/p>\n","protected":false},"excerpt":{"rendered":"<p>Desde el Hospital Nacional de Pediatr\u00eda Samick \u00abJuan Pedro Garrahan\u00bb confirmaron la noticia tan esperada; Oriana ser\u00e1 trasplantada por segunda vez del corazon. Su angel llego, los m\u00e9dicos le transmitieron a la familia que ingresara al quir\u00f3fano en las pr\u00f3ximas horas. Mariana, su mam\u00e1, quien la acompa\u00f1a incansablemente expres\u00f3 su alegr\u00eda a este medio \u00bb [&hellip;]<\/p>\n","protected":false},"author":4,"featured_media":54811,"comment_status":"open","ping_status":"closed","sticky":false,"template":"","format":"standard","meta":{"om_disable_all_campaigns":false,"_jetpack_memberships_contains_paid_content":false,"footnotes":""},"categories":[50,101,2],"tags":[],"class_list":["post-54810","post","type-post","status-publish","format-standard","has-post-thumbnail","hentry","category-destacadas","category-interes-general-locales","category-locales"],"aioseo_notices":[],"gutentor_comment":0,"jetpack_featured_media_url":"https:\/\/eldiariodesanpedro.com.ar\/sitio\/wp-content\/uploads\/2019\/06\/FB_IMG_1560983381129.jpg","jetpack_shortlink":"https:\/\/wp.me\/p6RhLt-eg2","jetpack_sharing_enabled":true,"_links":{"self":[{"href":"https:\/\/eldiariodesanpedro.com.ar\/sitio\/wp-json\/wp\/v2\/posts\/54810","targetHints":{"allow":["GET"]}}],"collection":[{"href":"https:\/\/eldiariodesanpedro.com.ar\/sitio\/wp-json\/wp\/v2\/posts"}],"about":[{"href":"https:\/\/eldiariodesanpedro.com.ar\/sitio\/wp-json\/wp\/v2\/types\/post"}],"author":[{"embeddable":true,"href":"https:\/\/eldiariodesanpedro.com.ar\/sitio\/wp-json\/wp\/v2\/users\/4"}],"replies":[{"embeddable":true,"href":"https:\/\/eldiariodesanpedro.com.ar\/sitio\/wp-json\/wp\/v2\/comments?post=54810"}],"version-history":[{"count":1,"href":"https:\/\/eldiariodesanpedro.com.ar\/sitio\/wp-json\/wp\/v2\/posts\/54810\/revisions"}],"predecessor-version":[{"id":54812,"href":"https:\/\/eldiariodesanpedro.com.ar\/sitio\/wp-json\/wp\/v2\/posts\/54810\/revisions\/54812"}],"wp:featuredmedia":[{"embeddable":true,"href":"https:\/\/eldiariodesanpedro.com.ar\/sitio\/wp-json\/wp\/v2\/media\/54811"}],"wp:attachment":[{"href":"https:\/\/eldiariodesanpedro.com.ar\/sitio\/wp-json\/wp\/v2\/media?parent=54810"}],"wp:term":[{"taxonomy":"category","embeddable":true,"href":"https:\/\/eldiariodesanpedro.com.ar\/sitio\/wp-json\/wp\/v2\/categories?post=54810"},{"taxonomy":"post_tag","embeddable":true,"href":"https:\/\/eldiariodesanpedro.com.ar\/sitio\/wp-json\/wp\/v2\/tags?post=54810"}],"curies":[{"name":"wp","href":"https:\/\/api.w.org\/{rel}","templated":true}]}}