{"id":54808,"date":"2019-06-19T18:58:59","date_gmt":"2019-06-19T21:58:59","guid":{"rendered":"https:\/\/eldiariodesanpedro.com.ar\/sitio\/?p=54808"},"modified":"2019-06-19T18:59:06","modified_gmt":"2019-06-19T21:59:06","slug":"presentacion-de-la-fiesta-de-san-juan-quema-del-demonio","status":"publish","type":"post","link":"https:\/\/eldiariodesanpedro.com.ar\/sitio\/presentacion-de-la-fiesta-de-san-juan-quema-del-demonio\/","title":{"rendered":"Presentaci\u00f3n de la Fiesta de San Juan \u201cQuema del Demonio\u201d"},"content":{"rendered":"<!-- VideographyWP Plugin Message: Automatic video embedding prevented by plugin options. -->\n\n<p>El evento se realizar\u00e1 este domingo 23 en las instalaciones de la Agrupaci\u00f3n Mallorca por 2do a\u00f1o consecutivo. El p\u00fablico disfrutar\u00e1 de espect\u00e1culos musicales, la t\u00edpica elaboraci\u00f3n de la paella, el patio de comidas y la tradicional Quema del Demonio.<\/p>\n\n\n\n<p>La fiesta pagana comenzar\u00e1 al mediod\u00eda, alrededor de las 12 y 30 horas, con servicio de cantina durante todo el dia y el patio de comidas.<\/p>\n\n\n\n<p>El taller de demonios se realizar\u00e1 a las 15 horas para que los ni\u00f1os, familias se acerquen y participen luego de la quema.<\/p>\n\n\n\n<p>A partir de las 16 horas comenzar\u00e1n los espect\u00e1culos musicales, quien abrira el escenario sera un grupo de folklore argentino tradicional de la Agrupaci\u00f3n Mallorca.<\/p>\n\n\n\n<p>Por \u00faltimo, 18 y 30 sera la tradicional \u00abQuema del Demonio\u00bb.<\/p>\n\n\n\n<p>\u00c9sta celebraci\u00f3n, en donde se conjuga lo pagano y lo religioso, tienen como finalidad reafirmar estas costumbres populares que llegaron de la mano de los inmigrantes.<\/p>\n\n\n\n<p>Las mismas consisten en construir todo tipo de figuras con material combustible, como ramas y hojas secas, convertirlos en grandes y peque\u00f1os demonios. <\/p>\n\n\n\n<p>Esos objetos representan las penas y miserias de cada uno, que seg\u00fan la tradici\u00f3n quedan simb\u00f3licamente purificadas al calor del fuego.<\/p>\n\n\n\n<figure class=\"wp-block-image\"><img decoding=\"async\" width=\"400\" height=\"266\" data-attachment-id=\"19932\" data-permalink=\"https:\/\/eldiariodesanpedro.com.ar\/sitio\/presentaron-las-actividades-de-la-fiesta-de-san-juan\/quema-del-demonio-2\/\" data-orig-file=\"https:\/\/eldiariodesanpedro.com.ar\/sitio\/wp-content\/uploads\/2017\/06\/Quema-del-demonio-2.jpg\" data-orig-size=\"400,266\" data-comments-opened=\"1\" data-image-meta=\"{&quot;aperture&quot;:&quot;0&quot;,&quot;credit&quot;:&quot;&quot;,&quot;camera&quot;:&quot;&quot;,&quot;caption&quot;:&quot;&quot;,&quot;created_timestamp&quot;:&quot;0&quot;,&quot;copyright&quot;:&quot;&quot;,&quot;focal_length&quot;:&quot;0&quot;,&quot;iso&quot;:&quot;0&quot;,&quot;shutter_speed&quot;:&quot;0&quot;,&quot;title&quot;:&quot;&quot;,&quot;orientation&quot;:&quot;0&quot;}\" data-image-title=\"Quema del demonio 2\" data-image-description=\"\" data-image-caption=\"\" data-large-file=\"https:\/\/eldiariodesanpedro.com.ar\/sitio\/wp-content\/uploads\/2017\/06\/Quema-del-demonio-2.jpg\" data-src=\"https:\/\/eldiariodesanpedro.com.ar\/sitio\/wp-content\/uploads\/2017\/06\/Quema-del-demonio-2.jpg\" alt=\"\" class=\"wp-image-19932 lazyload\" data-srcset=\"https:\/\/eldiariodesanpedro.com.ar\/sitio\/wp-content\/uploads\/2017\/06\/Quema-del-demonio-2.jpg 400w, https:\/\/eldiariodesanpedro.com.ar\/sitio\/wp-content\/uploads\/2017\/06\/Quema-del-demonio-2-300x200.jpg 300w\" data-sizes=\"(max-width: 400px) 100vw, 400px\" src=\"data:image\/svg+xml;base64,PHN2ZyB3aWR0aD0iMSIgaGVpZ2h0PSIxIiB4bWxucz0iaHR0cDovL3d3dy53My5vcmcvMjAwMC9zdmciPjwvc3ZnPg==\" style=\"--smush-placeholder-width: 400px; --smush-placeholder-aspect-ratio: 400\/266;\" \/><\/figure>\n\n\n\n<p><br><br><\/p>\n","protected":false},"excerpt":{"rendered":"<p>El evento se realizar\u00e1 este domingo 23 en las instalaciones de la Agrupaci\u00f3n Mallorca por 2do a\u00f1o consecutivo. El p\u00fablico disfrutar\u00e1 de espect\u00e1culos musicales, la t\u00edpica elaboraci\u00f3n de la paella, el patio de comidas y la tradicional Quema del Demonio. La fiesta pagana comenzar\u00e1 al mediod\u00eda, alrededor de las 12 y 30 horas, con servicio [&hellip;]<\/p>\n","protected":false},"author":4,"featured_media":19832,"comment_status":"open","ping_status":"closed","sticky":false,"template":"","format":"standard","meta":{"om_disable_all_campaigns":false,"_jetpack_memberships_contains_paid_content":false,"footnotes":""},"categories":[50,101,2],"tags":[],"class_list":["post-54808","post","type-post","status-publish","format-standard","has-post-thumbnail","hentry","category-destacadas","category-interes-general-locales","category-locales"],"aioseo_notices":[],"gutentor_comment":0,"jetpack_featured_media_url":"https:\/\/eldiariodesanpedro.com.ar\/sitio\/wp-content\/uploads\/2017\/06\/quema-del-demonio.jpg","jetpack_shortlink":"https:\/\/wp.me\/p6RhLt-eg0","jetpack_sharing_enabled":true,"_links":{"self":[{"href":"https:\/\/eldiariodesanpedro.com.ar\/sitio\/wp-json\/wp\/v2\/posts\/54808","targetHints":{"allow":["GET"]}}],"collection":[{"href":"https:\/\/eldiariodesanpedro.com.ar\/sitio\/wp-json\/wp\/v2\/posts"}],"about":[{"href":"https:\/\/eldiariodesanpedro.com.ar\/sitio\/wp-json\/wp\/v2\/types\/post"}],"author":[{"embeddable":true,"href":"https:\/\/eldiariodesanpedro.com.ar\/sitio\/wp-json\/wp\/v2\/users\/4"}],"replies":[{"embeddable":true,"href":"https:\/\/eldiariodesanpedro.com.ar\/sitio\/wp-json\/wp\/v2\/comments?post=54808"}],"version-history":[{"count":1,"href":"https:\/\/eldiariodesanpedro.com.ar\/sitio\/wp-json\/wp\/v2\/posts\/54808\/revisions"}],"predecessor-version":[{"id":54809,"href":"https:\/\/eldiariodesanpedro.com.ar\/sitio\/wp-json\/wp\/v2\/posts\/54808\/revisions\/54809"}],"wp:featuredmedia":[{"embeddable":true,"href":"https:\/\/eldiariodesanpedro.com.ar\/sitio\/wp-json\/wp\/v2\/media\/19832"}],"wp:attachment":[{"href":"https:\/\/eldiariodesanpedro.com.ar\/sitio\/wp-json\/wp\/v2\/media?parent=54808"}],"wp:term":[{"taxonomy":"category","embeddable":true,"href":"https:\/\/eldiariodesanpedro.com.ar\/sitio\/wp-json\/wp\/v2\/categories?post=54808"},{"taxonomy":"post_tag","embeddable":true,"href":"https:\/\/eldiariodesanpedro.com.ar\/sitio\/wp-json\/wp\/v2\/tags?post=54808"}],"curies":[{"name":"wp","href":"https:\/\/api.w.org\/{rel}","templated":true}]}}