{"id":54790,"date":"2019-06-19T11:42:12","date_gmt":"2019-06-19T14:42:12","guid":{"rendered":"https:\/\/eldiariodesanpedro.com.ar\/sitio\/?p=54790"},"modified":"2019-06-19T11:42:16","modified_gmt":"2019-06-19T14:42:16","slug":"allanamiento-positivo-por-tenencia-de-estupefacientes","status":"publish","type":"post","link":"https:\/\/eldiariodesanpedro.com.ar\/sitio\/allanamiento-positivo-por-tenencia-de-estupefacientes\/","title":{"rendered":"Allanamiento positivo por tenencia de estupefacientes"},"content":{"rendered":"<!-- VideographyWP Plugin Message: Automatic video embedding prevented by plugin options. -->\n\n<p>Este martes el personal de Gabinete Criminol\u00f3gico de comisaria, diligenci\u00f3 una orden de  allanamiento  por posible venta al menudeo de estupefacientes a un joven de 19 a\u00f1os de edad.<\/p>\n\n\n\n<p>El evento se realizo en una vivienda ubicada sobre calle Alvear al 1810, resultando positivo, secuestr\u00e1ndose en el mismo telefon\u00eda celular, dinero efectivo, baguyos de marihuana y cortes nailon.<\/p>\n\n\n\n<p>El joven queda imputado en la causa por  \u00abinfracci\u00f3n a la Ley 23737\u00bb, investiga fiscalia local.<br><br><br><\/p>\n","protected":false},"excerpt":{"rendered":"<p>Este martes el personal de Gabinete Criminol\u00f3gico de comisaria, diligenci\u00f3 una orden de allanamiento por posible venta al menudeo de estupefacientes a un joven de 19 a\u00f1os de edad. El evento se realizo en una vivienda ubicada sobre calle Alvear al 1810, resultando positivo, secuestr\u00e1ndose en el mismo telefon\u00eda celular, dinero efectivo, baguyos de marihuana [&hellip;]<\/p>\n","protected":false},"author":4,"featured_media":54772,"comment_status":"open","ping_status":"closed","sticky":false,"template":"","format":"standard","meta":{"om_disable_all_campaigns":false,"_jetpack_memberships_contains_paid_content":false,"footnotes":""},"categories":[2,103],"tags":[],"class_list":["post-54790","post","type-post","status-publish","format-standard","has-post-thumbnail","hentry","category-locales","category-policiales-locales"],"aioseo_notices":[],"gutentor_comment":0,"jetpack_featured_media_url":"https:\/\/eldiariodesanpedro.com.ar\/sitio\/wp-content\/uploads\/2019\/06\/WhatsApp-Image-2019-06-19-at-10.21.51-AM.jpeg","jetpack_shortlink":"https:\/\/wp.me\/p6RhLt-efI","jetpack_sharing_enabled":true,"_links":{"self":[{"href":"https:\/\/eldiariodesanpedro.com.ar\/sitio\/wp-json\/wp\/v2\/posts\/54790","targetHints":{"allow":["GET"]}}],"collection":[{"href":"https:\/\/eldiariodesanpedro.com.ar\/sitio\/wp-json\/wp\/v2\/posts"}],"about":[{"href":"https:\/\/eldiariodesanpedro.com.ar\/sitio\/wp-json\/wp\/v2\/types\/post"}],"author":[{"embeddable":true,"href":"https:\/\/eldiariodesanpedro.com.ar\/sitio\/wp-json\/wp\/v2\/users\/4"}],"replies":[{"embeddable":true,"href":"https:\/\/eldiariodesanpedro.com.ar\/sitio\/wp-json\/wp\/v2\/comments?post=54790"}],"version-history":[{"count":1,"href":"https:\/\/eldiariodesanpedro.com.ar\/sitio\/wp-json\/wp\/v2\/posts\/54790\/revisions"}],"predecessor-version":[{"id":54796,"href":"https:\/\/eldiariodesanpedro.com.ar\/sitio\/wp-json\/wp\/v2\/posts\/54790\/revisions\/54796"}],"wp:featuredmedia":[{"embeddable":true,"href":"https:\/\/eldiariodesanpedro.com.ar\/sitio\/wp-json\/wp\/v2\/media\/54772"}],"wp:attachment":[{"href":"https:\/\/eldiariodesanpedro.com.ar\/sitio\/wp-json\/wp\/v2\/media?parent=54790"}],"wp:term":[{"taxonomy":"category","embeddable":true,"href":"https:\/\/eldiariodesanpedro.com.ar\/sitio\/wp-json\/wp\/v2\/categories?post=54790"},{"taxonomy":"post_tag","embeddable":true,"href":"https:\/\/eldiariodesanpedro.com.ar\/sitio\/wp-json\/wp\/v2\/tags?post=54790"}],"curies":[{"name":"wp","href":"https:\/\/api.w.org\/{rel}","templated":true}]}}