{"id":54784,"date":"2019-06-19T11:06:10","date_gmt":"2019-06-19T14:06:10","guid":{"rendered":"https:\/\/eldiariodesanpedro.com.ar\/sitio\/?p=54784"},"modified":"2019-06-19T11:06:15","modified_gmt":"2019-06-19T14:06:15","slug":"intento-usurpar-una-vivienda-y-fue-aprehendido","status":"publish","type":"post","link":"https:\/\/eldiariodesanpedro.com.ar\/sitio\/intento-usurpar-una-vivienda-y-fue-aprehendido\/","title":{"rendered":"Intento usurpar una vivienda y fue aprehendido"},"content":{"rendered":"<!-- VideographyWP Plugin Message: Automatic video embedding prevented by plugin options. -->\n\n<p>El sujeto violent\u00f3 la puerta de ingreso de la vivienda e intento tomar posesi\u00f3n de la misma. Fue aprehendido tras r\u00e1pido accionar policial.<\/p>\n\n\n\n<figure class=\"wp-block-image\"><img decoding=\"async\" width=\"960\" height=\"1280\" data-attachment-id=\"54786\" data-permalink=\"https:\/\/eldiariodesanpedro.com.ar\/sitio\/intento-usurpar-una-vivienda-y-fue-aprehendido\/whatsapp-image-2019-06-19-at-10-24-52-am-1-2\/\" data-orig-file=\"https:\/\/eldiariodesanpedro.com.ar\/sitio\/wp-content\/uploads\/2019\/06\/WhatsApp-Image-2019-06-19-at-10.24.52-AM-1-1.jpeg\" data-orig-size=\"960,1280\" data-comments-opened=\"1\" data-image-meta=\"{&quot;aperture&quot;:&quot;0&quot;,&quot;credit&quot;:&quot;&quot;,&quot;camera&quot;:&quot;&quot;,&quot;caption&quot;:&quot;&quot;,&quot;created_timestamp&quot;:&quot;0&quot;,&quot;copyright&quot;:&quot;&quot;,&quot;focal_length&quot;:&quot;0&quot;,&quot;iso&quot;:&quot;0&quot;,&quot;shutter_speed&quot;:&quot;0&quot;,&quot;title&quot;:&quot;&quot;,&quot;orientation&quot;:&quot;0&quot;}\" data-image-title=\"WhatsApp Image 2019-06-19 at 10.24.52 AM (1)\" data-image-description=\"\" data-image-caption=\"\" data-large-file=\"https:\/\/eldiariodesanpedro.com.ar\/sitio\/wp-content\/uploads\/2019\/06\/WhatsApp-Image-2019-06-19-at-10.24.52-AM-1-1-768x1024.jpeg\" data-src=\"https:\/\/i0.wp.com\/eldiariodesanpedro.com.ar\/sitio\/wp-content\/uploads\/2019\/06\/WhatsApp-Image-2019-06-19-at-10.24.52-AM-1-1.jpeg?fit=660%2C880\" alt=\"\" class=\"wp-image-54786 lazyload\" data-srcset=\"https:\/\/eldiariodesanpedro.com.ar\/sitio\/wp-content\/uploads\/2019\/06\/WhatsApp-Image-2019-06-19-at-10.24.52-AM-1-1.jpeg 960w, https:\/\/eldiariodesanpedro.com.ar\/sitio\/wp-content\/uploads\/2019\/06\/WhatsApp-Image-2019-06-19-at-10.24.52-AM-1-1-225x300.jpeg 225w, https:\/\/eldiariodesanpedro.com.ar\/sitio\/wp-content\/uploads\/2019\/06\/WhatsApp-Image-2019-06-19-at-10.24.52-AM-1-1-768x1024.jpeg 768w\" data-sizes=\"(max-width: 960px) 100vw, 960px\" src=\"data:image\/svg+xml;base64,PHN2ZyB3aWR0aD0iMSIgaGVpZ2h0PSIxIiB4bWxucz0iaHR0cDovL3d3dy53My5vcmcvMjAwMC9zdmciPjwvc3ZnPg==\" style=\"--smush-placeholder-width: 960px; --smush-placeholder-aspect-ratio: 960\/1280;\" \/><\/figure>\n\n\n\n<p>El hecho sucedi\u00f3 en horas del mediod\u00eda de este martes, cuando el personal policial es alertado por un llamado al 911 y tras r\u00e1pido accionar acude al lugar.<\/p>\n\n\n\n<p>Un delincuente habr\u00eda violentado la puerta de ingreso de una vivienda ubicada en Olivera Cesar y Juaquin  V. Gonzalez, propiedad de Carro, ciudadano de nuestra ciudad.<\/p>\n\n\n\n<p>En el evento toma intervenci\u00f3n el Grupo de Apoyo Departamental GAD, procediendo a la aprehensi\u00f3n del sujeto quien intentaba usurpar la morada.<\/p>\n\n\n\n<p>El masculino mayor de edad es alojado en la dependencia local tomando intervenci\u00f3n la fiscalia N\u00ba 11, notific\u00e1ndolo de la causa y recuperando la libertad.<\/p>\n\n\n\n<p><br><\/p>\n","protected":false},"excerpt":{"rendered":"<p>El sujeto violent\u00f3 la puerta de ingreso de la vivienda e intento tomar posesi\u00f3n de la misma. Fue aprehendido tras r\u00e1pido accionar policial. El hecho sucedi\u00f3 en horas del mediod\u00eda de este martes, cuando el personal policial es alertado por un llamado al 911 y tras r\u00e1pido accionar acude al lugar. Un delincuente habr\u00eda violentado [&hellip;]<\/p>\n","protected":false},"author":4,"featured_media":54778,"comment_status":"open","ping_status":"closed","sticky":false,"template":"","format":"standard","meta":{"om_disable_all_campaigns":false,"_jetpack_memberships_contains_paid_content":false,"footnotes":""},"categories":[2,103],"tags":[],"class_list":["post-54784","post","type-post","status-publish","format-standard","has-post-thumbnail","hentry","category-locales","category-policiales-locales"],"aioseo_notices":[],"gutentor_comment":0,"jetpack_featured_media_url":"https:\/\/eldiariodesanpedro.com.ar\/sitio\/wp-content\/uploads\/2019\/06\/WhatsApp-Image-2019-06-19-at-10.24.52-AM.jpeg","jetpack_shortlink":"https:\/\/wp.me\/p6RhLt-efC","jetpack_sharing_enabled":true,"_links":{"self":[{"href":"https:\/\/eldiariodesanpedro.com.ar\/sitio\/wp-json\/wp\/v2\/posts\/54784","targetHints":{"allow":["GET"]}}],"collection":[{"href":"https:\/\/eldiariodesanpedro.com.ar\/sitio\/wp-json\/wp\/v2\/posts"}],"about":[{"href":"https:\/\/eldiariodesanpedro.com.ar\/sitio\/wp-json\/wp\/v2\/types\/post"}],"author":[{"embeddable":true,"href":"https:\/\/eldiariodesanpedro.com.ar\/sitio\/wp-json\/wp\/v2\/users\/4"}],"replies":[{"embeddable":true,"href":"https:\/\/eldiariodesanpedro.com.ar\/sitio\/wp-json\/wp\/v2\/comments?post=54784"}],"version-history":[{"count":1,"href":"https:\/\/eldiariodesanpedro.com.ar\/sitio\/wp-json\/wp\/v2\/posts\/54784\/revisions"}],"predecessor-version":[{"id":54787,"href":"https:\/\/eldiariodesanpedro.com.ar\/sitio\/wp-json\/wp\/v2\/posts\/54784\/revisions\/54787"}],"wp:featuredmedia":[{"embeddable":true,"href":"https:\/\/eldiariodesanpedro.com.ar\/sitio\/wp-json\/wp\/v2\/media\/54778"}],"wp:attachment":[{"href":"https:\/\/eldiariodesanpedro.com.ar\/sitio\/wp-json\/wp\/v2\/media?parent=54784"}],"wp:term":[{"taxonomy":"category","embeddable":true,"href":"https:\/\/eldiariodesanpedro.com.ar\/sitio\/wp-json\/wp\/v2\/categories?post=54784"},{"taxonomy":"post_tag","embeddable":true,"href":"https:\/\/eldiariodesanpedro.com.ar\/sitio\/wp-json\/wp\/v2\/tags?post=54784"}],"curies":[{"name":"wp","href":"https:\/\/api.w.org\/{rel}","templated":true}]}}