{"id":54771,"date":"2019-06-19T10:43:55","date_gmt":"2019-06-19T13:43:55","guid":{"rendered":"https:\/\/eldiariodesanpedro.com.ar\/sitio\/?p=54771"},"modified":"2019-06-19T10:44:00","modified_gmt":"2019-06-19T13:44:00","slug":"baradero-me-llevaron-la-tele-plata-y-las-cortinas","status":"publish","type":"post","link":"https:\/\/eldiariodesanpedro.com.ar\/sitio\/baradero-me-llevaron-la-tele-plata-y-las-cortinas\/","title":{"rendered":"BARADERO: \u201cMe llevaron la tele, plata y las cortinas\u201d"},"content":{"rendered":"<!-- VideographyWP Plugin Message: Automatic video embedding prevented by plugin options. -->\n\n<p>Lo cont\u00f3 Eugenia Morales, una vecina de nuestra ciudad, en comunicaci\u00f3n con LS2 RADIO 96.9 sobre el hecho de robo que sufri\u00f3 en su vivienda ubicada en las calles internas del Barrio Santiago Ap\u00f3stol el \u00faltimo domingo entre las 16 y las 19 horas estima, momento en que no estuvo en su casa. La tele es un Smart Tv color gris marca Noblex.<\/p>\n\n\n\n<p> \u201cAbro la puerta, y prendo la luz del living y noto el faltante que es la tele gigante que no estaba\u201d<\/p>\n\n\n\n<p>\u201cEmpiezo a gritar y le digo a mi mam\u00e1, \u2018saca los nenes afuera\u2019 porque no sab\u00eda si estaba adentro o no \u00e9sta gente, voy a la pieza y estaba todo revuelto, todo, me sacaron los cajones, la ropa del ropero, me llevaron plata y unas monedas que ten\u00edan los nenes en la alcanc\u00eda\u201d<\/p>\n\n\n\n<p>Fuente: Baradero Te Informa<\/p>\n","protected":false},"excerpt":{"rendered":"<p>Lo cont\u00f3 Eugenia Morales, una vecina de nuestra ciudad, en comunicaci\u00f3n con LS2 RADIO 96.9 sobre el hecho de robo que sufri\u00f3 en su vivienda ubicada en las calles internas del Barrio Santiago Ap\u00f3stol el \u00faltimo domingo entre las 16 y las 19 horas estima, momento en que no estuvo en su casa. La tele [&hellip;]<\/p>\n","protected":false},"author":4,"featured_media":54779,"comment_status":"open","ping_status":"closed","sticky":false,"template":"","format":"standard","meta":{"om_disable_all_campaigns":false,"_jetpack_memberships_contains_paid_content":false,"footnotes":""},"categories":[621],"tags":[],"class_list":["post-54771","post","type-post","status-publish","format-standard","has-post-thumbnail","hentry","category-regionales"],"aioseo_notices":[],"gutentor_comment":0,"jetpack_featured_media_url":"https:\/\/eldiariodesanpedro.com.ar\/sitio\/wp-content\/uploads\/2019\/06\/Robo-tv.jpg","jetpack_shortlink":"https:\/\/wp.me\/p6RhLt-efp","jetpack_sharing_enabled":true,"_links":{"self":[{"href":"https:\/\/eldiariodesanpedro.com.ar\/sitio\/wp-json\/wp\/v2\/posts\/54771","targetHints":{"allow":["GET"]}}],"collection":[{"href":"https:\/\/eldiariodesanpedro.com.ar\/sitio\/wp-json\/wp\/v2\/posts"}],"about":[{"href":"https:\/\/eldiariodesanpedro.com.ar\/sitio\/wp-json\/wp\/v2\/types\/post"}],"author":[{"embeddable":true,"href":"https:\/\/eldiariodesanpedro.com.ar\/sitio\/wp-json\/wp\/v2\/users\/4"}],"replies":[{"embeddable":true,"href":"https:\/\/eldiariodesanpedro.com.ar\/sitio\/wp-json\/wp\/v2\/comments?post=54771"}],"version-history":[{"count":1,"href":"https:\/\/eldiariodesanpedro.com.ar\/sitio\/wp-json\/wp\/v2\/posts\/54771\/revisions"}],"predecessor-version":[{"id":54780,"href":"https:\/\/eldiariodesanpedro.com.ar\/sitio\/wp-json\/wp\/v2\/posts\/54771\/revisions\/54780"}],"wp:featuredmedia":[{"embeddable":true,"href":"https:\/\/eldiariodesanpedro.com.ar\/sitio\/wp-json\/wp\/v2\/media\/54779"}],"wp:attachment":[{"href":"https:\/\/eldiariodesanpedro.com.ar\/sitio\/wp-json\/wp\/v2\/media?parent=54771"}],"wp:term":[{"taxonomy":"category","embeddable":true,"href":"https:\/\/eldiariodesanpedro.com.ar\/sitio\/wp-json\/wp\/v2\/categories?post=54771"},{"taxonomy":"post_tag","embeddable":true,"href":"https:\/\/eldiariodesanpedro.com.ar\/sitio\/wp-json\/wp\/v2\/tags?post=54771"}],"curies":[{"name":"wp","href":"https:\/\/api.w.org\/{rel}","templated":true}]}}