{"id":54768,"date":"2019-06-19T10:38:41","date_gmt":"2019-06-19T13:38:41","guid":{"rendered":"https:\/\/eldiariodesanpedro.com.ar\/sitio\/?p=54768"},"modified":"2019-06-19T10:38:45","modified_gmt":"2019-06-19T13:38:45","slug":"campana-preocupacion-por-un-nuevo-caso-de-presunto-secuestro-virtual","status":"publish","type":"post","link":"https:\/\/eldiariodesanpedro.com.ar\/sitio\/campana-preocupacion-por-un-nuevo-caso-de-presunto-secuestro-virtual\/","title":{"rendered":"CAMPANA: Preocupaci\u00f3n por un nuevo caso de presunto secuestro virtual"},"content":{"rendered":"<!-- VideographyWP Plugin Message: Automatic video embedding prevented by plugin options. -->\n\n<p> Esta vez, una joven se hizo pasar por la hija de una vecina, a trav\u00e9s de un mensaje de Whatsapp. Sin embargo, nuevas dudas surgen ya que desconocidos se habr\u00edan comunicado con la escuela a la que asisten la menor, con la intenci\u00f3n de retirarla. <\/p>\n\n\n\n<p>\n\nUna vuelta de tuerca m\u00e1s a los ya conocidos \u201csecuestros virtuales\u201d. Una mujer recibi\u00f3 varios mensajes por parte de una joven, haci\u00e9ndose pasar por su hija. Pero termin\u00f3 confirmando que desconocidos hab\u00edan llamado a la escuela donde la menor asiste, con intensiones de retirarla.<\/p>\n\n\n\n<p>Micaela Sack es mam\u00e1 de Florencia, una alumna de la escuela t\u00e9cnica Rocca. Mientras su hija se encontraba en clases, recibi\u00f3 un par de mensajes a trav\u00e9s de Whatsapp. La voz de una joven que dec\u00eda ser su hija, ped\u00eda que la retiraran del establecimiento porque se sent\u00eda mal. La mujer no reconoci\u00f3 el n\u00famero, pero la extra\u00f1a voz dec\u00eda escribirle desde el tel\u00e9fono de una amiga. \u201cNo me jodas m\u00e1s porque te bloqueo y llamo al 911\u201d expres\u00f3 la v\u00edctima. La mentira no prosper\u00f3, y todo termin\u00f3 con un \u201cn\u00famero equivocado, disculpe\u201d.<\/p>\n\n\n\n<p>Sin embargo, la duda y el temor ya estaban instalados. Por eso, la mam\u00e1 de Florencia llam\u00f3 a la escuela para cerciorarse que todo estaba bien. Pero desde el establecimiento le dijeron que poco antes, otro llamado telef\u00f3nico habr\u00eda intentado iniciar las gestiones para que la menor sea retirada de all\u00ed, utilizando el nombre y el apellido de la alumna. Pero las normas y el protocolo aplicado por la escuela ante este tipo de situaciones, impidi\u00f3 que la ni\u00f1a abandone el lugar si no era con alguno de sus padres.<\/p>\n\n\n\n<p>Enterada de esto, la madre se acerc\u00f3 hasta la escuela y esper\u00f3 all\u00ed la normal salida de su hija. Asegur\u00f3 que realizar\u00eda la denuncia correspondiente en la Fiscal\u00eda.\u00a0 <\/p>\n\n\n\n<p>Fuente: Campana Noticias<\/p>\n","protected":false},"excerpt":{"rendered":"<p>Esta vez, una joven se hizo pasar por la hija de una vecina, a trav\u00e9s de un mensaje de Whatsapp. Sin embargo, nuevas dudas surgen ya que desconocidos se habr\u00edan comunicado con la escuela a la que asisten la menor, con la intenci\u00f3n de retirarla. Una vuelta de tuerca m\u00e1s a los ya conocidos \u201csecuestros [&hellip;]<\/p>\n","protected":false},"author":4,"featured_media":54769,"comment_status":"open","ping_status":"closed","sticky":false,"template":"","format":"standard","meta":{"om_disable_all_campaigns":false,"_jetpack_memberships_contains_paid_content":false,"footnotes":""},"categories":[621],"tags":[],"class_list":["post-54768","post","type-post","status-publish","format-standard","has-post-thumbnail","hentry","category-regionales"],"aioseo_notices":[],"gutentor_comment":0,"jetpack_featured_media_url":"https:\/\/eldiariodesanpedro.com.ar\/sitio\/wp-content\/uploads\/2019\/06\/20190618094008.jpg","jetpack_shortlink":"https:\/\/wp.me\/p6RhLt-efm","jetpack_sharing_enabled":true,"_links":{"self":[{"href":"https:\/\/eldiariodesanpedro.com.ar\/sitio\/wp-json\/wp\/v2\/posts\/54768","targetHints":{"allow":["GET"]}}],"collection":[{"href":"https:\/\/eldiariodesanpedro.com.ar\/sitio\/wp-json\/wp\/v2\/posts"}],"about":[{"href":"https:\/\/eldiariodesanpedro.com.ar\/sitio\/wp-json\/wp\/v2\/types\/post"}],"author":[{"embeddable":true,"href":"https:\/\/eldiariodesanpedro.com.ar\/sitio\/wp-json\/wp\/v2\/users\/4"}],"replies":[{"embeddable":true,"href":"https:\/\/eldiariodesanpedro.com.ar\/sitio\/wp-json\/wp\/v2\/comments?post=54768"}],"version-history":[{"count":1,"href":"https:\/\/eldiariodesanpedro.com.ar\/sitio\/wp-json\/wp\/v2\/posts\/54768\/revisions"}],"predecessor-version":[{"id":54770,"href":"https:\/\/eldiariodesanpedro.com.ar\/sitio\/wp-json\/wp\/v2\/posts\/54768\/revisions\/54770"}],"wp:featuredmedia":[{"embeddable":true,"href":"https:\/\/eldiariodesanpedro.com.ar\/sitio\/wp-json\/wp\/v2\/media\/54769"}],"wp:attachment":[{"href":"https:\/\/eldiariodesanpedro.com.ar\/sitio\/wp-json\/wp\/v2\/media?parent=54768"}],"wp:term":[{"taxonomy":"category","embeddable":true,"href":"https:\/\/eldiariodesanpedro.com.ar\/sitio\/wp-json\/wp\/v2\/categories?post=54768"},{"taxonomy":"post_tag","embeddable":true,"href":"https:\/\/eldiariodesanpedro.com.ar\/sitio\/wp-json\/wp\/v2\/tags?post=54768"}],"curies":[{"name":"wp","href":"https:\/\/api.w.org\/{rel}","templated":true}]}}