{"id":54765,"date":"2019-06-19T10:31:43","date_gmt":"2019-06-19T13:31:43","guid":{"rendered":"https:\/\/eldiariodesanpedro.com.ar\/sitio\/?p=54765"},"modified":"2019-06-19T10:31:48","modified_gmt":"2019-06-19T13:31:48","slug":"arrecifes-una-tabacalera-china-se-instalara-en-el-parque-industrial","status":"publish","type":"post","link":"https:\/\/eldiariodesanpedro.com.ar\/sitio\/arrecifes-una-tabacalera-china-se-instalara-en-el-parque-industrial\/","title":{"rendered":"ARRECIFES: Una tabacalera china se instalar\u00e1 en el Parque Industrial"},"content":{"rendered":"<!-- VideographyWP Plugin Message: Automatic video embedding prevented by plugin options. -->\n\n<p> El intendente Javier Olaeta inform\u00f3 esta ma\u00f1ana en Radio Uno (107.1) que en los pr\u00f3ximos meses se instalar\u00e1 una tabacalera de capitales chinos en el Sector Industrial de Arrecifes. <\/p>\n\n\n\n<p>\u00abYa est\u00e1 confirmada la instalaci\u00f3n de esa planta tabacalera. A los inversores les interes\u00f3 mucho la zona, pusimos a disposici\u00f3n de ellos todo lo que est\u00e1 a nuestro alcance y ya presentaron la documentaci\u00f3n requerida para comenzar. Invertir\u00e1n en nuestra ciudad u$s 1.500.000 y, en un principio, emplear\u00e1n aproximadamente a unas 50 personas. Actualmente tienen una planta en Salta y en Arrecifes continuar\u00e1n el proceso de producci\u00f3n para exportar el tabaco suelto desde nuestra ciudad\u00bb, anticip\u00f3 el Intendente.<\/p>\n\n\n\n<p>\u00abTiene mucho que ver en esto que desde octubre la autopista Pilar-Pergamino ya llegar\u00e1 a Arrecifes. Eso, sin dudas, nos brindar\u00e1 muchos beneficios a futuro\u00bb, a\u00f1adi\u00f3 Olaeta.<\/p>\n\n\n\n<p>La firma es Tabacalera Puntana S.A. y se dedica a la cosecha y preparaci\u00f3n de hojas de tabaco y producci\u00f3n de productos de tabaco que luego exporta a China.<\/p>\n\n\n\n<p>Fuente: Noticias Arrecifes<\/p>\n","protected":false},"excerpt":{"rendered":"<p>El intendente Javier Olaeta inform\u00f3 esta ma\u00f1ana en Radio Uno (107.1) que en los pr\u00f3ximos meses se instalar\u00e1 una tabacalera de capitales chinos en el Sector Industrial de Arrecifes. \u00abYa est\u00e1 confirmada la instalaci\u00f3n de esa planta tabacalera. A los inversores les interes\u00f3 mucho la zona, pusimos a disposici\u00f3n de ellos todo lo que est\u00e1 [&hellip;]<\/p>\n","protected":false},"author":4,"featured_media":54766,"comment_status":"open","ping_status":"closed","sticky":false,"template":"","format":"standard","meta":{"om_disable_all_campaigns":false,"_jetpack_memberships_contains_paid_content":false,"footnotes":""},"categories":[101,2],"tags":[],"class_list":["post-54765","post","type-post","status-publish","format-standard","has-post-thumbnail","hentry","category-interes-general-locales","category-locales"],"aioseo_notices":[],"gutentor_comment":0,"jetpack_featured_media_url":"https:\/\/eldiariodesanpedro.com.ar\/sitio\/wp-content\/uploads\/2019\/06\/Tabacalera.jpg","jetpack_shortlink":"https:\/\/wp.me\/p6RhLt-efj","jetpack_sharing_enabled":true,"_links":{"self":[{"href":"https:\/\/eldiariodesanpedro.com.ar\/sitio\/wp-json\/wp\/v2\/posts\/54765","targetHints":{"allow":["GET"]}}],"collection":[{"href":"https:\/\/eldiariodesanpedro.com.ar\/sitio\/wp-json\/wp\/v2\/posts"}],"about":[{"href":"https:\/\/eldiariodesanpedro.com.ar\/sitio\/wp-json\/wp\/v2\/types\/post"}],"author":[{"embeddable":true,"href":"https:\/\/eldiariodesanpedro.com.ar\/sitio\/wp-json\/wp\/v2\/users\/4"}],"replies":[{"embeddable":true,"href":"https:\/\/eldiariodesanpedro.com.ar\/sitio\/wp-json\/wp\/v2\/comments?post=54765"}],"version-history":[{"count":1,"href":"https:\/\/eldiariodesanpedro.com.ar\/sitio\/wp-json\/wp\/v2\/posts\/54765\/revisions"}],"predecessor-version":[{"id":54767,"href":"https:\/\/eldiariodesanpedro.com.ar\/sitio\/wp-json\/wp\/v2\/posts\/54765\/revisions\/54767"}],"wp:featuredmedia":[{"embeddable":true,"href":"https:\/\/eldiariodesanpedro.com.ar\/sitio\/wp-json\/wp\/v2\/media\/54766"}],"wp:attachment":[{"href":"https:\/\/eldiariodesanpedro.com.ar\/sitio\/wp-json\/wp\/v2\/media?parent=54765"}],"wp:term":[{"taxonomy":"category","embeddable":true,"href":"https:\/\/eldiariodesanpedro.com.ar\/sitio\/wp-json\/wp\/v2\/categories?post=54765"},{"taxonomy":"post_tag","embeddable":true,"href":"https:\/\/eldiariodesanpedro.com.ar\/sitio\/wp-json\/wp\/v2\/tags?post=54765"}],"curies":[{"name":"wp","href":"https:\/\/api.w.org\/{rel}","templated":true}]}}