{"id":54762,"date":"2019-06-19T10:28:59","date_gmt":"2019-06-19T13:28:59","guid":{"rendered":"https:\/\/eldiariodesanpedro.com.ar\/sitio\/?p=54762"},"modified":"2019-06-19T10:29:03","modified_gmt":"2019-06-19T13:29:03","slug":"pergamino-allanaron-la-municipalidad-de-pergamino-por-planes-truchos","status":"publish","type":"post","link":"https:\/\/eldiariodesanpedro.com.ar\/sitio\/pergamino-allanaron-la-municipalidad-de-pergamino-por-planes-truchos\/","title":{"rendered":"PERGAMINO: Allanaron la Municipalidad de Pergamino por planes truchos"},"content":{"rendered":"<!-- VideographyWP Plugin Message: Automatic video embedding prevented by plugin options. -->\n\n<p>El primer allanamiento se hab\u00eda dado hace unas semanas luego de que la Justicia intentara comprobar la responsabilidad del Gobierno municipal ante las fumigaciones irrestrictas cerca de barrios afectados por el agua contaminada. Ahora, se descubri\u00f3 una banda que falsificaba planes sociales y se les incaut\u00f3 una cifra realmente millonaria.<\/p>\n\n\n\n<p>La Municipalidad de Pergamino volvi\u00f3 a ser allanada. Esta vez por un caso de malversaci\u00f3n de fondos que supera los 3 millones de pesos y m\u00e1s de 70 mil d\u00f3lares incautados. Una cifra por dem\u00e1s descabellada.<\/p>\n\n\n\n<p>El anterior allanamiento se hab\u00eda dado en el marco de la investigaci\u00f3n por el agua contaminada, una causa en la cual tanto el Juzgado Federal N\u00ba 2 de San Nicol\u00e1s, como el Equipo T\u00e9cnico de la Corte Suprema de Justicia, aseguraron que el agua de al menos tres barrios de la localidad presentaba 18 tipos distintos de agroqu\u00edmicos.<\/p>\n\n\n\n<p>Ahora, el Fiscal Mat\u00edas Di Lello investiga a un grupo de personas que gestionaba planes sociales de terceros y en la cual se le incautaron 2.900.000 pesos, 76 mil d\u00f3lares y 1.700 euros en dos de sus domicilios. La Justicia cree que la incre\u00edble suma no habr\u00eda sido solo producto de las gestiones de planes sociales truchos, pero por ahora no tiene mayores novedades.<\/p>\n\n\n\n<p>Por eso, el s\u00e1bado pasado, el fiscal pidi\u00f3 un allanamiento en la Oficina de Empleo de la Municipalidad, el lugar donde se articulan los planes sociales con el Centro de Referencia (CIC) del Ministerio de Desarrollo Social de la Naci\u00f3n.<\/p>\n\n\n\n<p>De todas maneras, por ahora se descarta la participaci\u00f3n o complicidad de ex funcionarios o actuales funcionarios p\u00fablicos.<\/p>\n\n\n\n<p>Ese mismo d\u00eda tambi\u00e9n se allanaron dos domicilios de los supuestos integrantes de la banda. Un sal\u00f3n de fiesta y un domicilio ubicado en una localidad de General Gelly, de la provincia de Santa Fe.<\/p>\n\n\n\n<p>En el procedimiento, tambi\u00e9n se incautaron armas de fuego, tel\u00e9fonos y documentaci\u00f3n.<\/p>\n\n\n\n<p>Lo cierto es que en pocos d\u00edas la gesti\u00f3n que lleva a cabo Javier Mart\u00ednez (Cambiemos) se vio afectada por dos sucesos que encabez\u00f3 la Justicia Federal, uno de los cuales compromete seriamente a su gesti\u00f3n.<\/p>\n\n\n\n<p>Es que, con el primer allanamiento hacia el \u00e1rea de Producci\u00f3n, precisamente en las oficinas del \u00c1rea de Control de Aplicaciones de Agroqu\u00edmicos, la Justicia intent\u00f3 establecer cu\u00e1l fue la responsabilidad del Ejecutivo municipal en cuanto a las \u00faltimas fumigaciones en los campos aleda\u00f1os a la zona poblada de la localidad.<\/p>\n\n\n\n<p>All\u00ed, los vecinos aseguran que en pocas cuadras se registran numerosos casos de c\u00e1ncer y otras enfermedades posiblemente causales por la exposici\u00f3n a las pulverizaciones.<\/p>\n\n\n\n<p>Fuente: Noticias Arrecifes<\/p>\n\n\n\n<p><br><\/p>\n","protected":false},"excerpt":{"rendered":"<p>El primer allanamiento se hab\u00eda dado hace unas semanas luego de que la Justicia intentara comprobar la responsabilidad del Gobierno municipal ante las fumigaciones irrestrictas cerca de barrios afectados por el agua contaminada. Ahora, se descubri\u00f3 una banda que falsificaba planes sociales y se les incaut\u00f3 una cifra realmente millonaria. La Municipalidad de Pergamino volvi\u00f3 [&hellip;]<\/p>\n","protected":false},"author":4,"featured_media":54763,"comment_status":"open","ping_status":"closed","sticky":false,"template":"","format":"standard","meta":{"om_disable_all_campaigns":false,"_jetpack_memberships_contains_paid_content":false,"footnotes":""},"categories":[621],"tags":[],"class_list":["post-54762","post","type-post","status-publish","format-standard","has-post-thumbnail","hentry","category-regionales"],"aioseo_notices":[],"gutentor_comment":0,"jetpack_featured_media_url":"https:\/\/eldiariodesanpedro.com.ar\/sitio\/wp-content\/uploads\/2019\/06\/Allana-Municipalidad-Pergamino.jpg","jetpack_shortlink":"https:\/\/wp.me\/p6RhLt-efg","jetpack_sharing_enabled":true,"_links":{"self":[{"href":"https:\/\/eldiariodesanpedro.com.ar\/sitio\/wp-json\/wp\/v2\/posts\/54762","targetHints":{"allow":["GET"]}}],"collection":[{"href":"https:\/\/eldiariodesanpedro.com.ar\/sitio\/wp-json\/wp\/v2\/posts"}],"about":[{"href":"https:\/\/eldiariodesanpedro.com.ar\/sitio\/wp-json\/wp\/v2\/types\/post"}],"author":[{"embeddable":true,"href":"https:\/\/eldiariodesanpedro.com.ar\/sitio\/wp-json\/wp\/v2\/users\/4"}],"replies":[{"embeddable":true,"href":"https:\/\/eldiariodesanpedro.com.ar\/sitio\/wp-json\/wp\/v2\/comments?post=54762"}],"version-history":[{"count":1,"href":"https:\/\/eldiariodesanpedro.com.ar\/sitio\/wp-json\/wp\/v2\/posts\/54762\/revisions"}],"predecessor-version":[{"id":54764,"href":"https:\/\/eldiariodesanpedro.com.ar\/sitio\/wp-json\/wp\/v2\/posts\/54762\/revisions\/54764"}],"wp:featuredmedia":[{"embeddable":true,"href":"https:\/\/eldiariodesanpedro.com.ar\/sitio\/wp-json\/wp\/v2\/media\/54763"}],"wp:attachment":[{"href":"https:\/\/eldiariodesanpedro.com.ar\/sitio\/wp-json\/wp\/v2\/media?parent=54762"}],"wp:term":[{"taxonomy":"category","embeddable":true,"href":"https:\/\/eldiariodesanpedro.com.ar\/sitio\/wp-json\/wp\/v2\/categories?post=54762"},{"taxonomy":"post_tag","embeddable":true,"href":"https:\/\/eldiariodesanpedro.com.ar\/sitio\/wp-json\/wp\/v2\/tags?post=54762"}],"curies":[{"name":"wp","href":"https:\/\/api.w.org\/{rel}","templated":true}]}}