{"id":53619,"date":"2019-05-29T09:01:40","date_gmt":"2019-05-29T12:01:40","guid":{"rendered":"https:\/\/eldiariodesanpedro.com.ar\/sitio\/?p=53619"},"modified":"2019-05-29T09:01:49","modified_gmt":"2019-05-29T12:01:49","slug":"zarate-un-menor-fue-entregado-por-su-mama-en-la-comisaria-de-lima","status":"publish","type":"post","link":"https:\/\/eldiariodesanpedro.com.ar\/sitio\/zarate-un-menor-fue-entregado-por-su-mama-en-la-comisaria-de-lima\/","title":{"rendered":"Z\u00c1RATE: Un menor fue entregado por su mam\u00e1 en la Comisar\u00eda de Lima"},"content":{"rendered":"<!-- VideographyWP Plugin Message: Automatic video embedding prevented by plugin options. -->\n\n<p>Noticias Z\u00e1rate Alerta &#8211; Dos chicos fueron detenidos por la Polic\u00eda de Lima tras robarle a j\u00f3venes que se dirig\u00edan a la escuela. Capturaron a uno de los delincuentes de 19 a\u00f1os y el otro, de 15 fue entregado por su madre a la Polic\u00eda.<\/p>\n\n\n\n<p>En horas de la tarde de ayer, a partir del llamado de un vecino de calles 111 y 54 de Lima, la Polic\u00eda advirti\u00f3 la presencia de tres individuos masculinos en una moto negra 110cc que circulaban con \u00abactitud sospechosa y con intenciones de cometer il\u00edcito a j\u00f3venes estudiantes\u00bb.<\/p>\n\n\n\n<p>Motivo por el cual se mand\u00f3 un m\u00f3vil policial al lugar, y dada las descripciones fisicas de los individuos se observ\u00f3 que la moto comienza la hu\u00edda, por lo que el m\u00f3vil policial inicia persecuci\u00f3n. Uno de los presuntos delincuentes de 19 a\u00f1os fue atrapado y el otro se di\u00f3 a la fuga.<\/p>\n\n\n\n<p>Luego, se procedi\u00f3 a la incautaci\u00f3n de una moto de color negra con numeraci\u00f3n de motor y cuadro suprimido, asimismo secuestraron una mochila y un elemento tipo \u00abtenedor parrillero\u00bb, el cu\u00e1l utilizaban para amedrentar a las v\u00edctimas.<\/p>\n\n\n\n<p>Posteriormente se presentan en la dependencia dos menores de edad acompa\u00f1ados por sus progenitores, quienes manifestaron que fueron v\u00edctima de un robo realizado por los chicos de la moto. Luego, aparece la mam\u00e1 de un menor, que denunci\u00f3 que su hijo hab\u00eda sido part\u00edcipe del hecho e hizo entrega de forma voluntaria de un tel\u00e9fono celular para comprobar su acci\u00f3n en el suceso delictivo.<\/p>\n\n\n\n<p>Interveinene Unidad funcional de Instrucci\u00f3n Nro 7 a cargo de la Dra Andrea Palacios.<\/p>\n\n\n\n<p><strong>Fuente:\u00a0<\/strong>Noticias Z\u00e1rate Alerta\u00a0<\/p>\n\n\n\n<figure class=\"wp-block-image\"><img decoding=\"async\" width=\"768\" height=\"1024\" data-attachment-id=\"53620\" data-permalink=\"https:\/\/eldiariodesanpedro.com.ar\/sitio\/zarate-un-menor-fue-entregado-por-su-mama-en-la-comisaria-de-lima\/img-20190528-wa0058-768x1024\/\" data-orig-file=\"https:\/\/eldiariodesanpedro.com.ar\/sitio\/wp-content\/uploads\/2019\/05\/IMG-20190528-WA0058-768x1024.jpg\" data-orig-size=\"768,1024\" data-comments-opened=\"1\" data-image-meta=\"{&quot;aperture&quot;:&quot;0&quot;,&quot;credit&quot;:&quot;&quot;,&quot;camera&quot;:&quot;&quot;,&quot;caption&quot;:&quot;&quot;,&quot;created_timestamp&quot;:&quot;0&quot;,&quot;copyright&quot;:&quot;&quot;,&quot;focal_length&quot;:&quot;0&quot;,&quot;iso&quot;:&quot;0&quot;,&quot;shutter_speed&quot;:&quot;0&quot;,&quot;title&quot;:&quot;&quot;,&quot;orientation&quot;:&quot;0&quot;}\" data-image-title=\"IMG-20190528-WA0058-768&amp;#215;1024\" data-image-description=\"\" data-image-caption=\"\" data-large-file=\"https:\/\/eldiariodesanpedro.com.ar\/sitio\/wp-content\/uploads\/2019\/05\/IMG-20190528-WA0058-768x1024-768x1024.jpg\" data-src=\"https:\/\/eldiariodesanpedro.com.ar\/sitio\/wp-content\/uploads\/2019\/05\/IMG-20190528-WA0058-768x1024-768x1024.jpg\" alt=\"\" class=\"wp-image-53620 lazyload\" data-srcset=\"https:\/\/eldiariodesanpedro.com.ar\/sitio\/wp-content\/uploads\/2019\/05\/IMG-20190528-WA0058-768x1024.jpg 768w, https:\/\/eldiariodesanpedro.com.ar\/sitio\/wp-content\/uploads\/2019\/05\/IMG-20190528-WA0058-768x1024-225x300.jpg 225w\" data-sizes=\"(max-width: 768px) 100vw, 768px\" src=\"data:image\/svg+xml;base64,PHN2ZyB3aWR0aD0iMSIgaGVpZ2h0PSIxIiB4bWxucz0iaHR0cDovL3d3dy53My5vcmcvMjAwMC9zdmciPjwvc3ZnPg==\" style=\"--smush-placeholder-width: 768px; --smush-placeholder-aspect-ratio: 768\/1024;\" \/><\/figure>\n","protected":false},"excerpt":{"rendered":"<p>Noticias Z\u00e1rate Alerta &#8211; Dos chicos fueron detenidos por la Polic\u00eda de Lima tras robarle a j\u00f3venes que se dirig\u00edan a la escuela. Capturaron a uno de los delincuentes de 19 a\u00f1os y el otro, de 15 fue entregado por su madre a la Polic\u00eda. En horas de la tarde de ayer, a partir del [&hellip;]<\/p>\n","protected":false},"author":4,"featured_media":53621,"comment_status":"open","ping_status":"closed","sticky":false,"template":"","format":"standard","meta":{"om_disable_all_campaigns":false,"_jetpack_memberships_contains_paid_content":false,"footnotes":""},"categories":[621],"tags":[],"class_list":["post-53619","post","type-post","status-publish","format-standard","has-post-thumbnail","hentry","category-regionales"],"aioseo_notices":[],"gutentor_comment":0,"jetpack_featured_media_url":"https:\/\/eldiariodesanpedro.com.ar\/sitio\/wp-content\/uploads\/2019\/05\/Point-Blur_May282019_201754-768x432.jpg","jetpack_shortlink":"https:\/\/wp.me\/p6RhLt-dWP","jetpack_sharing_enabled":true,"_links":{"self":[{"href":"https:\/\/eldiariodesanpedro.com.ar\/sitio\/wp-json\/wp\/v2\/posts\/53619","targetHints":{"allow":["GET"]}}],"collection":[{"href":"https:\/\/eldiariodesanpedro.com.ar\/sitio\/wp-json\/wp\/v2\/posts"}],"about":[{"href":"https:\/\/eldiariodesanpedro.com.ar\/sitio\/wp-json\/wp\/v2\/types\/post"}],"author":[{"embeddable":true,"href":"https:\/\/eldiariodesanpedro.com.ar\/sitio\/wp-json\/wp\/v2\/users\/4"}],"replies":[{"embeddable":true,"href":"https:\/\/eldiariodesanpedro.com.ar\/sitio\/wp-json\/wp\/v2\/comments?post=53619"}],"version-history":[{"count":1,"href":"https:\/\/eldiariodesanpedro.com.ar\/sitio\/wp-json\/wp\/v2\/posts\/53619\/revisions"}],"predecessor-version":[{"id":53622,"href":"https:\/\/eldiariodesanpedro.com.ar\/sitio\/wp-json\/wp\/v2\/posts\/53619\/revisions\/53622"}],"wp:featuredmedia":[{"embeddable":true,"href":"https:\/\/eldiariodesanpedro.com.ar\/sitio\/wp-json\/wp\/v2\/media\/53621"}],"wp:attachment":[{"href":"https:\/\/eldiariodesanpedro.com.ar\/sitio\/wp-json\/wp\/v2\/media?parent=53619"}],"wp:term":[{"taxonomy":"category","embeddable":true,"href":"https:\/\/eldiariodesanpedro.com.ar\/sitio\/wp-json\/wp\/v2\/categories?post=53619"},{"taxonomy":"post_tag","embeddable":true,"href":"https:\/\/eldiariodesanpedro.com.ar\/sitio\/wp-json\/wp\/v2\/tags?post=53619"}],"curies":[{"name":"wp","href":"https:\/\/api.w.org\/{rel}","templated":true}]}}