{"id":53615,"date":"2019-05-29T08:58:12","date_gmt":"2019-05-29T11:58:12","guid":{"rendered":"https:\/\/eldiariodesanpedro.com.ar\/sitio\/?p=53615"},"modified":"2019-05-29T08:58:40","modified_gmt":"2019-05-29T11:58:40","slug":"arrecifes-una-camioneta-se-metio-dentro-de-una-casa","status":"publish","type":"post","link":"https:\/\/eldiariodesanpedro.com.ar\/sitio\/arrecifes-una-camioneta-se-metio-dentro-de-una-casa\/","title":{"rendered":"ARRECIFES: Una camioneta se meti\u00f3 dentro de una casa"},"content":{"rendered":"<!-- VideographyWP Plugin Message: Automatic video embedding prevented by plugin options. -->\n\n<p>A las 5:30 de la ma\u00f1ana de este domingo, a trav\u00e9s de un llamado telef\u00f3nico, la Polic\u00eda de Arrecifes tom\u00f3 conocimiento sobre un veh\u00edculo que se hab\u00eda incrustado en una vivienda ubicada en calle La Rioja, en barrio Villa Esperanza.<\/p>\n\n\n\n<p>Al arribar al lugar, los efectivos policiales comprobaron que la casa ten\u00eda destruida la pared exterior que da al living. Afortunadamente no hubo que lamentar lesiones personales.<\/p>\n\n\n\n<p>Posteriormente se logr\u00f3 identificar al conductor y propietario del veh\u00edculo que produjo el da\u00f1o, una Toyota Hilux de color blanco, quien se domicilia en Arrecifes. Tambi\u00e9n a las personas que lo acompa\u00f1aban en el momento del siniestro.<\/p>\n\n\n\n<p>Fuente: Noticias Arrecifes<\/p>\n","protected":false},"excerpt":{"rendered":"<p>A las 5:30 de la ma\u00f1ana de este domingo, a trav\u00e9s de un llamado telef\u00f3nico, la Polic\u00eda de Arrecifes tom\u00f3 conocimiento sobre un veh\u00edculo que se hab\u00eda incrustado en una vivienda ubicada en calle La Rioja, en barrio Villa Esperanza. Al arribar al lugar, los efectivos policiales comprobaron que la casa ten\u00eda destruida la pared [&hellip;]<\/p>\n","protected":false},"author":4,"featured_media":53616,"comment_status":"open","ping_status":"closed","sticky":false,"template":"","format":"standard","meta":{"om_disable_all_campaigns":false,"_jetpack_memberships_contains_paid_content":false,"footnotes":""},"categories":[621],"tags":[],"class_list":["post-53615","post","type-post","status-publish","format-standard","has-post-thumbnail","hentry","category-regionales"],"aioseo_notices":[],"gutentor_comment":0,"jetpack_featured_media_url":"https:\/\/eldiariodesanpedro.com.ar\/sitio\/wp-content\/uploads\/2019\/05\/Auto-metio-casa.jpg","jetpack_shortlink":"https:\/\/wp.me\/p6RhLt-dWL","jetpack_sharing_enabled":true,"_links":{"self":[{"href":"https:\/\/eldiariodesanpedro.com.ar\/sitio\/wp-json\/wp\/v2\/posts\/53615","targetHints":{"allow":["GET"]}}],"collection":[{"href":"https:\/\/eldiariodesanpedro.com.ar\/sitio\/wp-json\/wp\/v2\/posts"}],"about":[{"href":"https:\/\/eldiariodesanpedro.com.ar\/sitio\/wp-json\/wp\/v2\/types\/post"}],"author":[{"embeddable":true,"href":"https:\/\/eldiariodesanpedro.com.ar\/sitio\/wp-json\/wp\/v2\/users\/4"}],"replies":[{"embeddable":true,"href":"https:\/\/eldiariodesanpedro.com.ar\/sitio\/wp-json\/wp\/v2\/comments?post=53615"}],"version-history":[{"count":2,"href":"https:\/\/eldiariodesanpedro.com.ar\/sitio\/wp-json\/wp\/v2\/posts\/53615\/revisions"}],"predecessor-version":[{"id":53618,"href":"https:\/\/eldiariodesanpedro.com.ar\/sitio\/wp-json\/wp\/v2\/posts\/53615\/revisions\/53618"}],"wp:featuredmedia":[{"embeddable":true,"href":"https:\/\/eldiariodesanpedro.com.ar\/sitio\/wp-json\/wp\/v2\/media\/53616"}],"wp:attachment":[{"href":"https:\/\/eldiariodesanpedro.com.ar\/sitio\/wp-json\/wp\/v2\/media?parent=53615"}],"wp:term":[{"taxonomy":"category","embeddable":true,"href":"https:\/\/eldiariodesanpedro.com.ar\/sitio\/wp-json\/wp\/v2\/categories?post=53615"},{"taxonomy":"post_tag","embeddable":true,"href":"https:\/\/eldiariodesanpedro.com.ar\/sitio\/wp-json\/wp\/v2\/tags?post=53615"}],"curies":[{"name":"wp","href":"https:\/\/api.w.org\/{rel}","templated":true}]}}