{"id":53612,"date":"2019-05-29T08:56:26","date_gmt":"2019-05-29T11:56:26","guid":{"rendered":"https:\/\/eldiariodesanpedro.com.ar\/sitio\/?p=53612"},"modified":"2019-05-29T08:56:37","modified_gmt":"2019-05-29T11:56:37","slug":"san-nicolas-condena-de-3-anos-y-medio-por-el-incendio-en-la-catedral","status":"publish","type":"post","link":"https:\/\/eldiariodesanpedro.com.ar\/sitio\/san-nicolas-condena-de-3-anos-y-medio-por-el-incendio-en-la-catedral\/","title":{"rendered":"SAN NICOL\u00c1S: Condena de 3 a\u00f1os y medio por el incendio en la Catedral"},"content":{"rendered":"<!-- VideographyWP Plugin Message: Automatic video embedding prevented by plugin options. -->\n\n<p>Mauro Sosa fue encontrado culpable por la jueza Laura Fern\u00e1ndez por ser coautor penalmente responsable del delito de incendio con peligro com\u00fan para los bienes en los t\u00e9rminos del art\u00edculo 186, inciso primero del c\u00f3digo penal.<\/p>\n\n\n\n<p>En un juicio abreviado, fue condenado a la pena de tres a\u00f1os y seis meses de prisi\u00f3n de efectivo cumplimiento.&nbsp;<\/p>\n\n\n\n<p>El Dr. Julio Tan\u00fas, fiscal que entiende en la causa, dialog\u00f3 con RadioNet y brind\u00f3 detalles del juicio abreviado. Record\u00f3 que junto al acusado hab\u00eda un menor el 26 de enero del 2017 cuando ocurri\u00f3 el siniestro, pero que se encuentra en libertad.<\/p>\n\n\n\n<p>En el caso de Sosa, estuvo 8 meses detenido y en agosto del 2017 fue excarcelado por decisi\u00f3n del juez Anselmo Gonzalez. Posteriormente cometi\u00f3 un Robo Simple y luego un Robo Calificado por el que qued\u00f3 detenido preventivamente hasta el d\u00eda de la fecha.<\/p>\n\n\n\n<p>Finalmente, la jueza Fern\u00e1ndez consider\u00f3 como agravante, la extensi\u00f3n del da\u00f1o causado, habi\u00e9ndose destruido parte del acerbo cultural y religioso de la ciudad y haber herido la sensibilidad de los cat\u00f3licos.<\/p>\n\n\n\n<p>\u00abFue un da\u00f1o econ\u00f3mico, cultural, moral, patrimonial\u00bb, expres\u00f3 Tan\u00fas. <\/p>\n\n\n\n<p>Fuente: Diario El Informante<\/p>\n","protected":false},"excerpt":{"rendered":"<p>Mauro Sosa fue encontrado culpable por la jueza Laura Fern\u00e1ndez por ser coautor penalmente responsable del delito de incendio con peligro com\u00fan para los bienes en los t\u00e9rminos del art\u00edculo 186, inciso primero del c\u00f3digo penal. En un juicio abreviado, fue condenado a la pena de tres a\u00f1os y seis meses de prisi\u00f3n de efectivo [&hellip;]<\/p>\n","protected":false},"author":4,"featured_media":53613,"comment_status":"open","ping_status":"closed","sticky":false,"template":"","format":"standard","meta":{"om_disable_all_campaigns":false,"_jetpack_memberships_contains_paid_content":false,"footnotes":""},"categories":[621],"tags":[],"class_list":["post-53612","post","type-post","status-publish","format-standard","has-post-thumbnail","hentry","category-regionales"],"aioseo_notices":[],"gutentor_comment":0,"jetpack_featured_media_url":"https:\/\/eldiariodesanpedro.com.ar\/sitio\/wp-content\/uploads\/2019\/05\/no_a2qkzhfvv5pe3e8nop1be48csib1sh8d501ptai9trah2.jpg","jetpack_shortlink":"https:\/\/wp.me\/p6RhLt-dWI","jetpack_sharing_enabled":true,"_links":{"self":[{"href":"https:\/\/eldiariodesanpedro.com.ar\/sitio\/wp-json\/wp\/v2\/posts\/53612","targetHints":{"allow":["GET"]}}],"collection":[{"href":"https:\/\/eldiariodesanpedro.com.ar\/sitio\/wp-json\/wp\/v2\/posts"}],"about":[{"href":"https:\/\/eldiariodesanpedro.com.ar\/sitio\/wp-json\/wp\/v2\/types\/post"}],"author":[{"embeddable":true,"href":"https:\/\/eldiariodesanpedro.com.ar\/sitio\/wp-json\/wp\/v2\/users\/4"}],"replies":[{"embeddable":true,"href":"https:\/\/eldiariodesanpedro.com.ar\/sitio\/wp-json\/wp\/v2\/comments?post=53612"}],"version-history":[{"count":1,"href":"https:\/\/eldiariodesanpedro.com.ar\/sitio\/wp-json\/wp\/v2\/posts\/53612\/revisions"}],"predecessor-version":[{"id":53614,"href":"https:\/\/eldiariodesanpedro.com.ar\/sitio\/wp-json\/wp\/v2\/posts\/53612\/revisions\/53614"}],"wp:featuredmedia":[{"embeddable":true,"href":"https:\/\/eldiariodesanpedro.com.ar\/sitio\/wp-json\/wp\/v2\/media\/53613"}],"wp:attachment":[{"href":"https:\/\/eldiariodesanpedro.com.ar\/sitio\/wp-json\/wp\/v2\/media?parent=53612"}],"wp:term":[{"taxonomy":"category","embeddable":true,"href":"https:\/\/eldiariodesanpedro.com.ar\/sitio\/wp-json\/wp\/v2\/categories?post=53612"},{"taxonomy":"post_tag","embeddable":true,"href":"https:\/\/eldiariodesanpedro.com.ar\/sitio\/wp-json\/wp\/v2\/tags?post=53612"}],"curies":[{"name":"wp","href":"https:\/\/api.w.org\/{rel}","templated":true}]}}