{"id":53608,"date":"2019-05-29T08:51:37","date_gmt":"2019-05-29T11:51:37","guid":{"rendered":"https:\/\/eldiariodesanpedro.com.ar\/sitio\/?p=53608"},"modified":"2019-05-29T09:15:12","modified_gmt":"2019-05-29T12:15:12","slug":"paro-comunicado-de-la-multisectorial-local","status":"publish","type":"post","link":"https:\/\/eldiariodesanpedro.com.ar\/sitio\/paro-comunicado-de-la-multisectorial-local\/","title":{"rendered":"Paro: Comunicado de la Multisectorial local"},"content":{"rendered":"<!-- VideographyWP Plugin Message: Automatic video embedding prevented by plugin options. -->\n\n<p>Este mi\u00e9rcoles por la ma\u00f1ana se realizara una volanteada en el marco del Paro Nacional convocado por la CGT. Sera en la zona c\u00e9ntrica de la ciudad. <\/p>\n\n\n\n<p>A las 11 horas tendr\u00e1 lugar una radio abierta en la Peatonal del Centenario. <br><\/p>\n\n\n\n<p>La medida de fuerza tiene como lema,  \u00abReclamamos para que el ajuste no lo siga pagando el pueblo\u00bb.<\/p>\n\n\n\n<p><br><\/p>\n","protected":false},"excerpt":{"rendered":"<p>Este mi\u00e9rcoles por la ma\u00f1ana se realizara una volanteada en el marco del Paro Nacional convocado por la CGT. Sera en la zona c\u00e9ntrica de la ciudad. A las 11 horas tendr\u00e1 lugar una radio abierta en la Peatonal del Centenario. La medida de fuerza tiene como lema, \u00abReclamamos para que el ajuste no lo [&hellip;]<\/p>\n","protected":false},"author":4,"featured_media":53637,"comment_status":"open","ping_status":"closed","sticky":false,"template":"","format":"standard","meta":{"om_disable_all_campaigns":false,"_jetpack_memberships_contains_paid_content":false,"footnotes":""},"categories":[101,2],"tags":[],"class_list":["post-53608","post","type-post","status-publish","format-standard","has-post-thumbnail","hentry","category-interes-general-locales","category-locales"],"aioseo_notices":[],"gutentor_comment":0,"jetpack_featured_media_url":"https:\/\/eldiariodesanpedro.com.ar\/sitio\/wp-content\/uploads\/2019\/05\/paro-29-de-mayo-777x437.jpg","jetpack_shortlink":"https:\/\/wp.me\/p6RhLt-dWE","jetpack_sharing_enabled":true,"_links":{"self":[{"href":"https:\/\/eldiariodesanpedro.com.ar\/sitio\/wp-json\/wp\/v2\/posts\/53608","targetHints":{"allow":["GET"]}}],"collection":[{"href":"https:\/\/eldiariodesanpedro.com.ar\/sitio\/wp-json\/wp\/v2\/posts"}],"about":[{"href":"https:\/\/eldiariodesanpedro.com.ar\/sitio\/wp-json\/wp\/v2\/types\/post"}],"author":[{"embeddable":true,"href":"https:\/\/eldiariodesanpedro.com.ar\/sitio\/wp-json\/wp\/v2\/users\/4"}],"replies":[{"embeddable":true,"href":"https:\/\/eldiariodesanpedro.com.ar\/sitio\/wp-json\/wp\/v2\/comments?post=53608"}],"version-history":[{"count":1,"href":"https:\/\/eldiariodesanpedro.com.ar\/sitio\/wp-json\/wp\/v2\/posts\/53608\/revisions"}],"predecessor-version":[{"id":53610,"href":"https:\/\/eldiariodesanpedro.com.ar\/sitio\/wp-json\/wp\/v2\/posts\/53608\/revisions\/53610"}],"wp:featuredmedia":[{"embeddable":true,"href":"https:\/\/eldiariodesanpedro.com.ar\/sitio\/wp-json\/wp\/v2\/media\/53637"}],"wp:attachment":[{"href":"https:\/\/eldiariodesanpedro.com.ar\/sitio\/wp-json\/wp\/v2\/media?parent=53608"}],"wp:term":[{"taxonomy":"category","embeddable":true,"href":"https:\/\/eldiariodesanpedro.com.ar\/sitio\/wp-json\/wp\/v2\/categories?post=53608"},{"taxonomy":"post_tag","embeddable":true,"href":"https:\/\/eldiariodesanpedro.com.ar\/sitio\/wp-json\/wp\/v2\/tags?post=53608"}],"curies":[{"name":"wp","href":"https:\/\/api.w.org\/{rel}","templated":true}]}}