{"id":53606,"date":"2019-05-29T08:39:42","date_gmt":"2019-05-29T11:39:42","guid":{"rendered":"https:\/\/eldiariodesanpedro.com.ar\/sitio\/?p=53606"},"modified":"2019-05-29T08:39:48","modified_gmt":"2019-05-29T11:39:48","slug":"paro-nacional-cicop-se-adhiere-no-habra-atencion-en-el-hospital","status":"publish","type":"post","link":"https:\/\/eldiariodesanpedro.com.ar\/sitio\/paro-nacional-cicop-se-adhiere-no-habra-atencion-en-el-hospital\/","title":{"rendered":"Paro Nacional: CICOP se adhiere, no habr\u00e1 atenci\u00f3n en el Hospital"},"content":{"rendered":"<!-- VideographyWP Plugin Message: Automatic video embedding prevented by plugin options. -->\n\n<p>El paro Nacional convocado por la CGT afecta este mi\u00e9rcoles al \u00e1rea de salud publica de nuestra ciudad. Los profesionales nucleados al gremio CICOP no trabajaran adhiri\u00e9ndose a la protesta. <br><\/p>\n\n\n\n<p>La medida afecta la normal atenci\u00f3n en el Hospital y los centros de salud del partido de San Pedro.\u00a0<\/p>\n\n\n\n<p>Los referentes del gremio a nivel local expresaron a los medios locales de comunicacion que en realidad \u00abal no tener paritarias CICOP esta llevando adelante cada vez medidas mas severas\u00bb.<\/p>\n\n\n\n<p><\/p>\n","protected":false},"excerpt":{"rendered":"<p>El paro Nacional convocado por la CGT afecta este mi\u00e9rcoles al \u00e1rea de salud publica de nuestra ciudad. Los profesionales nucleados al gremio CICOP no trabajaran adhiri\u00e9ndose a la protesta. La medida afecta la normal atenci\u00f3n en el Hospital y los centros de salud del partido de San Pedro.\u00a0 Los referentes del gremio a nivel [&hellip;]<\/p>\n","protected":false},"author":4,"featured_media":9457,"comment_status":"open","ping_status":"closed","sticky":false,"template":"","format":"standard","meta":{"om_disable_all_campaigns":false,"_jetpack_memberships_contains_paid_content":false,"footnotes":""},"categories":[101,2],"tags":[],"class_list":["post-53606","post","type-post","status-publish","format-standard","has-post-thumbnail","hentry","category-interes-general-locales","category-locales"],"aioseo_notices":[],"gutentor_comment":0,"jetpack_featured_media_url":"https:\/\/eldiariodesanpedro.com.ar\/sitio\/wp-content\/uploads\/2016\/10\/HOSPITAL-subzonal-san-pedro.jpg","jetpack_shortlink":"https:\/\/wp.me\/p6RhLt-dWC","jetpack_sharing_enabled":true,"_links":{"self":[{"href":"https:\/\/eldiariodesanpedro.com.ar\/sitio\/wp-json\/wp\/v2\/posts\/53606","targetHints":{"allow":["GET"]}}],"collection":[{"href":"https:\/\/eldiariodesanpedro.com.ar\/sitio\/wp-json\/wp\/v2\/posts"}],"about":[{"href":"https:\/\/eldiariodesanpedro.com.ar\/sitio\/wp-json\/wp\/v2\/types\/post"}],"author":[{"embeddable":true,"href":"https:\/\/eldiariodesanpedro.com.ar\/sitio\/wp-json\/wp\/v2\/users\/4"}],"replies":[{"embeddable":true,"href":"https:\/\/eldiariodesanpedro.com.ar\/sitio\/wp-json\/wp\/v2\/comments?post=53606"}],"version-history":[{"count":1,"href":"https:\/\/eldiariodesanpedro.com.ar\/sitio\/wp-json\/wp\/v2\/posts\/53606\/revisions"}],"predecessor-version":[{"id":53607,"href":"https:\/\/eldiariodesanpedro.com.ar\/sitio\/wp-json\/wp\/v2\/posts\/53606\/revisions\/53607"}],"wp:featuredmedia":[{"embeddable":true,"href":"https:\/\/eldiariodesanpedro.com.ar\/sitio\/wp-json\/wp\/v2\/media\/9457"}],"wp:attachment":[{"href":"https:\/\/eldiariodesanpedro.com.ar\/sitio\/wp-json\/wp\/v2\/media?parent=53606"}],"wp:term":[{"taxonomy":"category","embeddable":true,"href":"https:\/\/eldiariodesanpedro.com.ar\/sitio\/wp-json\/wp\/v2\/categories?post=53606"},{"taxonomy":"post_tag","embeddable":true,"href":"https:\/\/eldiariodesanpedro.com.ar\/sitio\/wp-json\/wp\/v2\/tags?post=53606"}],"curies":[{"name":"wp","href":"https:\/\/api.w.org\/{rel}","templated":true}]}}