{"id":53598,"date":"2019-05-28T19:27:58","date_gmt":"2019-05-28T22:27:58","guid":{"rendered":"https:\/\/eldiariodesanpedro.com.ar\/sitio\/?p=53598"},"modified":"2019-05-29T08:38:40","modified_gmt":"2019-05-29T11:38:40","slug":"el-intendente-presente-en-la-inauguracion-del-hotel-de-uatre","status":"publish","type":"post","link":"https:\/\/eldiariodesanpedro.com.ar\/sitio\/el-intendente-presente-en-la-inauguracion-del-hotel-de-uatre\/","title":{"rendered":"El Intendente presente en la inauguraci\u00f3n del Hotel de UATRE"},"content":{"rendered":"<!-- VideographyWP Plugin Message: Automatic video embedding prevented by plugin options. -->\n\n<p>La Uni\u00f3n&nbsp;Argentina de Trabajadores Rurales y Estibadores (UATRE) inaugur\u00f3 hoy un amplio complejo integral para los trabajadores rurales que deben permanecer en la Ciudad de Buenos Aires por tratamientos m\u00e9dicos.<\/p>\n\n\n\n<p>Ram\u00f3n Ayala, secretario general de UATRE, declar\u00f3 sobre la preocupaci\u00f3n en la salud de los trabajadores: \u00abEs una idea que ten\u00edamos hace mucho tiempo.&nbsp; Antes, los pacientes estaban en el Fac\u00f3n Grande del centro, se mezclaban con turistas y nosotros queremos tener instalaciones m\u00e1s c\u00f3modas para los afiliados\u00bb y se refiri\u00f3 a la gesti\u00f3n del secretario de Acci\u00f3n Social: \u00abRoberto Petrocchi estuvo demostrando la seriedad y el compromiso con que se tom\u00f3 este proyecto\u00bb y finaliz\u00f3 \u00abHoy el hotel est\u00e1 perfectamente habilitado para recibir a los pacientes. Tenemos que estar preparados para quienes tienen dificultades de salud y deben venir a Buenos Aires. Tenemos la obligaci\u00f3n con los derechos y dificultades de los trabajadores\u00bb.<\/p>\n\n\n\n<p>Roberto Petrocchi, secretario de Acci\u00f3n Social, se mostr\u00f3 emocionado y contento por la apertura del hotel: \u201cBuscamos concentrar las prestaciones de servicios y beneficios destinados a los afiliados que se trasladan a Buenos Aires por tratamientos m\u00e9dicos y derivaciones realizadas por OSPRERA\u00bb y recalc\u00f3 el objetivo de este proyecto: \u00abQueremos darle soluciones a los afiliados que llegan a una ciudad tan grande como es Buenos Aires a enfrentar un problema m\u00e9dico de gravedad\u00bb.<\/p>\n\n\n\n<p>Pablo Ansaloni, secretario de Actas de OSPRERA y diputado nacional, se mostr\u00f3 emocionado por la inauguraci\u00f3n: \u00abHoy me doy cuenta que, con estas obras que impulsa, Ram\u00f3n Ayala est\u00e1 convencido del rumbo que le tiene que dar a UATRE y OSPRERA\u00bb y concluy\u00f3: \u00abEncontrarnos con este hotel y tener un hogar propio indica que esta conducci\u00f3n tiene los pies sobre la tierra\u00bb.<\/p>\n\n\n\n<p>La apertura conto con la participaci\u00f3n del Secretariado Nacional de UATRE, Consejo Directivo de OSPRERA, integrantes de la 62 Organizaciones Peronistas; el intendente de la localidad bonaerense de San Pedro, Cecilio Salazar.<\/p>\n\n\n\n<p>El hotel del trabajador rural ubicado en Urquiza 836, barrio de San Cristobal, tiene 52 habitaciones totalmente equipadas con pensi\u00f3n completa y atenci\u00f3n de personal especializado.<\/p>\n\n\n\n<figure class=\"wp-block-image\"><img decoding=\"async\" width=\"1252\" height=\"1902\" data-attachment-id=\"53600\" data-permalink=\"https:\/\/eldiariodesanpedro.com.ar\/sitio\/el-intendente-presente-en-la-inauguracion-del-hotel-de-uatre\/20190528_192530\/\" data-orig-file=\"https:\/\/eldiariodesanpedro.com.ar\/sitio\/wp-content\/uploads\/2019\/05\/20190528_192530.jpg\" data-orig-size=\"1252,1902\" data-comments-opened=\"1\" data-image-meta=\"{&quot;aperture&quot;:&quot;0&quot;,&quot;credit&quot;:&quot;&quot;,&quot;camera&quot;:&quot;&quot;,&quot;caption&quot;:&quot;&quot;,&quot;created_timestamp&quot;:&quot;0&quot;,&quot;copyright&quot;:&quot;&quot;,&quot;focal_length&quot;:&quot;0&quot;,&quot;iso&quot;:&quot;0&quot;,&quot;shutter_speed&quot;:&quot;0&quot;,&quot;title&quot;:&quot;&quot;,&quot;orientation&quot;:&quot;0&quot;}\" data-image-title=\"20190528_192530\" data-image-description=\"\" data-image-caption=\"\" data-large-file=\"https:\/\/eldiariodesanpedro.com.ar\/sitio\/wp-content\/uploads\/2019\/05\/20190528_192530-674x1024.jpg\" data-src=\"https:\/\/i0.wp.com\/eldiariodesanpedro.com.ar\/sitio\/wp-content\/uploads\/2019\/05\/20190528_192530.jpg?fit=660%2C1003\" alt=\"\" class=\"wp-image-53600 lazyload\" data-srcset=\"https:\/\/eldiariodesanpedro.com.ar\/sitio\/wp-content\/uploads\/2019\/05\/20190528_192530.jpg 1252w, https:\/\/eldiariodesanpedro.com.ar\/sitio\/wp-content\/uploads\/2019\/05\/20190528_192530-197x300.jpg 197w, https:\/\/eldiariodesanpedro.com.ar\/sitio\/wp-content\/uploads\/2019\/05\/20190528_192530-768x1167.jpg 768w, https:\/\/eldiariodesanpedro.com.ar\/sitio\/wp-content\/uploads\/2019\/05\/20190528_192530-674x1024.jpg 674w\" data-sizes=\"(max-width: 1252px) 100vw, 1252px\" src=\"data:image\/svg+xml;base64,PHN2ZyB3aWR0aD0iMSIgaGVpZ2h0PSIxIiB4bWxucz0iaHR0cDovL3d3dy53My5vcmcvMjAwMC9zdmciPjwvc3ZnPg==\" style=\"--smush-placeholder-width: 1252px; --smush-placeholder-aspect-ratio: 1252\/1902;\" \/><\/figure>\n\n\n\n<p><\/p>\n","protected":false},"excerpt":{"rendered":"<p>La Uni\u00f3n&nbsp;Argentina de Trabajadores Rurales y Estibadores (UATRE) inaugur\u00f3 hoy un amplio complejo integral para los trabajadores rurales que deben permanecer en la Ciudad de Buenos Aires por tratamientos m\u00e9dicos. Ram\u00f3n Ayala, secretario general de UATRE, declar\u00f3 sobre la preocupaci\u00f3n en la salud de los trabajadores: \u00abEs una idea que ten\u00edamos hace mucho tiempo.&nbsp; Antes, [&hellip;]<\/p>\n","protected":false},"author":4,"featured_media":53599,"comment_status":"open","ping_status":"closed","sticky":false,"template":"","format":"standard","meta":{"om_disable_all_campaigns":false,"_jetpack_memberships_contains_paid_content":false,"footnotes":""},"categories":[50,101,2],"tags":[],"class_list":["post-53598","post","type-post","status-publish","format-standard","has-post-thumbnail","hentry","category-destacadas","category-interes-general-locales","category-locales"],"aioseo_notices":[],"gutentor_comment":0,"jetpack_featured_media_url":"https:\/\/eldiariodesanpedro.com.ar\/sitio\/wp-content\/uploads\/2019\/05\/20190528_192349.jpg","jetpack_shortlink":"https:\/\/wp.me\/p6RhLt-dWu","jetpack_sharing_enabled":true,"_links":{"self":[{"href":"https:\/\/eldiariodesanpedro.com.ar\/sitio\/wp-json\/wp\/v2\/posts\/53598","targetHints":{"allow":["GET"]}}],"collection":[{"href":"https:\/\/eldiariodesanpedro.com.ar\/sitio\/wp-json\/wp\/v2\/posts"}],"about":[{"href":"https:\/\/eldiariodesanpedro.com.ar\/sitio\/wp-json\/wp\/v2\/types\/post"}],"author":[{"embeddable":true,"href":"https:\/\/eldiariodesanpedro.com.ar\/sitio\/wp-json\/wp\/v2\/users\/4"}],"replies":[{"embeddable":true,"href":"https:\/\/eldiariodesanpedro.com.ar\/sitio\/wp-json\/wp\/v2\/comments?post=53598"}],"version-history":[{"count":1,"href":"https:\/\/eldiariodesanpedro.com.ar\/sitio\/wp-json\/wp\/v2\/posts\/53598\/revisions"}],"predecessor-version":[{"id":53603,"href":"https:\/\/eldiariodesanpedro.com.ar\/sitio\/wp-json\/wp\/v2\/posts\/53598\/revisions\/53603"}],"wp:featuredmedia":[{"embeddable":true,"href":"https:\/\/eldiariodesanpedro.com.ar\/sitio\/wp-json\/wp\/v2\/media\/53599"}],"wp:attachment":[{"href":"https:\/\/eldiariodesanpedro.com.ar\/sitio\/wp-json\/wp\/v2\/media?parent=53598"}],"wp:term":[{"taxonomy":"category","embeddable":true,"href":"https:\/\/eldiariodesanpedro.com.ar\/sitio\/wp-json\/wp\/v2\/categories?post=53598"},{"taxonomy":"post_tag","embeddable":true,"href":"https:\/\/eldiariodesanpedro.com.ar\/sitio\/wp-json\/wp\/v2\/tags?post=53598"}],"curies":[{"name":"wp","href":"https:\/\/api.w.org\/{rel}","templated":true}]}}