{"id":53596,"date":"2019-05-28T19:27:37","date_gmt":"2019-05-28T22:27:37","guid":{"rendered":"https:\/\/eldiariodesanpedro.com.ar\/sitio\/?p=53596"},"modified":"2019-05-28T19:27:47","modified_gmt":"2019-05-28T22:27:47","slug":"aprehendido-por-paradero-activo-3","status":"publish","type":"post","link":"https:\/\/eldiariodesanpedro.com.ar\/sitio\/aprehendido-por-paradero-activo-3\/","title":{"rendered":"Aprehendido por paradero activo"},"content":{"rendered":"<!-- VideographyWP Plugin Message: Automatic video embedding prevented by plugin options. -->\n\n<p>Este martes por la tarde, personal de Jefatura de San Nicolas GAD, procedi\u00f3 a la aprehensi\u00f3n de un masculino, quien pose\u00eda pedido de paradero activo del a\u00f1o 2018.<\/p>\n\n\n\n<p>El hecho procedi\u00f3 en intersecci\u00f3n de las calles Molina y Chazarreta, los efectivos mediante operativo de saturacion logran identificar al ciudadano de 40 a\u00f1os de edad.<\/p>\n\n\n\n<p>En el pesa un pedido de paradero activo por causa de rebeld\u00eda del 16 de agosto del a\u00f1o 2018, a requerimiento de la Fiscalia N\u00ba2 de San Nicolas a cargo del Dr Subiri.<\/p>\n\n\n\n<p>Fue trasladado a la dependencia local a la espera de la intervenci\u00f3n de la fiscalia local.<\/p>\n","protected":false},"excerpt":{"rendered":"<p>Este martes por la tarde, personal de Jefatura de San Nicolas GAD, procedi\u00f3 a la aprehensi\u00f3n de un masculino, quien pose\u00eda pedido de paradero activo del a\u00f1o 2018. El hecho procedi\u00f3 en intersecci\u00f3n de las calles Molina y Chazarreta, los efectivos mediante operativo de saturacion logran identificar al ciudadano de 40 a\u00f1os de edad. En [&hellip;]<\/p>\n","protected":false},"author":4,"featured_media":53601,"comment_status":"open","ping_status":"closed","sticky":false,"template":"","format":"standard","meta":{"om_disable_all_campaigns":false,"_jetpack_memberships_contains_paid_content":false,"footnotes":""},"categories":[2,103],"tags":[],"class_list":["post-53596","post","type-post","status-publish","format-standard","has-post-thumbnail","hentry","category-locales","category-policiales-locales"],"aioseo_notices":[],"gutentor_comment":0,"jetpack_featured_media_url":"https:\/\/eldiariodesanpedro.com.ar\/sitio\/wp-content\/uploads\/2019\/05\/WhatsApp-Image-2019-05-28-at-7.06.38-PM-1.jpeg","jetpack_shortlink":"https:\/\/wp.me\/p6RhLt-dWs","jetpack_sharing_enabled":true,"_links":{"self":[{"href":"https:\/\/eldiariodesanpedro.com.ar\/sitio\/wp-json\/wp\/v2\/posts\/53596","targetHints":{"allow":["GET"]}}],"collection":[{"href":"https:\/\/eldiariodesanpedro.com.ar\/sitio\/wp-json\/wp\/v2\/posts"}],"about":[{"href":"https:\/\/eldiariodesanpedro.com.ar\/sitio\/wp-json\/wp\/v2\/types\/post"}],"author":[{"embeddable":true,"href":"https:\/\/eldiariodesanpedro.com.ar\/sitio\/wp-json\/wp\/v2\/users\/4"}],"replies":[{"embeddable":true,"href":"https:\/\/eldiariodesanpedro.com.ar\/sitio\/wp-json\/wp\/v2\/comments?post=53596"}],"version-history":[{"count":1,"href":"https:\/\/eldiariodesanpedro.com.ar\/sitio\/wp-json\/wp\/v2\/posts\/53596\/revisions"}],"predecessor-version":[{"id":53602,"href":"https:\/\/eldiariodesanpedro.com.ar\/sitio\/wp-json\/wp\/v2\/posts\/53596\/revisions\/53602"}],"wp:featuredmedia":[{"embeddable":true,"href":"https:\/\/eldiariodesanpedro.com.ar\/sitio\/wp-json\/wp\/v2\/media\/53601"}],"wp:attachment":[{"href":"https:\/\/eldiariodesanpedro.com.ar\/sitio\/wp-json\/wp\/v2\/media?parent=53596"}],"wp:term":[{"taxonomy":"category","embeddable":true,"href":"https:\/\/eldiariodesanpedro.com.ar\/sitio\/wp-json\/wp\/v2\/categories?post=53596"},{"taxonomy":"post_tag","embeddable":true,"href":"https:\/\/eldiariodesanpedro.com.ar\/sitio\/wp-json\/wp\/v2\/tags?post=53596"}],"curies":[{"name":"wp","href":"https:\/\/api.w.org\/{rel}","templated":true}]}}