{"id":53584,"date":"2019-05-28T12:37:54","date_gmt":"2019-05-28T15:37:54","guid":{"rendered":"https:\/\/eldiariodesanpedro.com.ar\/sitio\/?p=53584"},"modified":"2019-05-28T12:38:06","modified_gmt":"2019-05-28T15:38:06","slug":"viernes-y-sabado-tramites-gratuitos-para-dni-en-las-49-viviendas-y-depietri","status":"publish","type":"post","link":"https:\/\/eldiariodesanpedro.com.ar\/sitio\/viernes-y-sabado-tramites-gratuitos-para-dni-en-las-49-viviendas-y-depietri\/","title":{"rendered":"Viernes y s\u00e1bado tr\u00e1mites gratuitos para DNI en las 49 viviendas y Depietri"},"content":{"rendered":"<!-- VideographyWP Plugin Message: Automatic video embedding prevented by plugin options. -->\n\n<p>La Municipalidad de San Pedro informa que a partir de las gestiones realizadas desde el CAJ (Centro de Acceso a Justicia) a cargo de la Dra. Mar\u00eda Guadalupe Fraga y la Direcci\u00f3n de Comisiones de Fomento a cargo de Fernando Negrete,\u00a0 volver\u00e1 cumplirse en la ciudad un operativo del Registro Nacional de las Personas para gestionar los DNI de aquellas personas que necesiten la emisi\u00f3n o renovaci\u00f3n del mismo y no puedan afrontar el costo que actualmente demanda el tr\u00e1mite a trav\u00e9s de los canales habituales.<\/p>\n\n\n\n<p>La atenci\u00f3n ser\u00e1 el viernes 31 de mayo en el Sal\u00f3n de Usos M\u00faltiples de las 49 viviendas (Mateo Sbert entre Liniers y Quiroga) y el s\u00e1bado 1 de junio en el Play\u00f3n de Depietri (Calle 66 y San Mart\u00edn).\u00a0 <\/p>\n\n\n\n<p>En ambos casos, la atenci\u00f3n se ordenar\u00e1 con n\u00fameros por orden de llegada, de 9.30 a 16.30 y el cupo aproximado de tr\u00e1mites es de 120 por jornada.\u00a0<\/p>\n\n\n\n<p>El tr\u00e1mite es gratuito y se recuerda que los menores o quienes no tengan su DNI anterior en tarjeta, deben presentar el acta o partida de nacimiento. Antes de la fecha de la llegada de los m\u00f3viles del RENAPER pueden acercarse a la oficina del CAJ que funciona en el CIC, de 8 a 14, donde se les entregar\u00e1 documentaci\u00f3n tambi\u00e9n de manera gratuita.\u00a0En esta oportunidad no se recibir\u00e1n tr\u00e1mites de DNI de extranjero ni Pasaporte para concentrar todo el trabajo en los DNI. <\/p>\n","protected":false},"excerpt":{"rendered":"<p>La Municipalidad de San Pedro informa que a partir de las gestiones realizadas desde el CAJ (Centro de Acceso a Justicia) a cargo de la Dra. Mar\u00eda Guadalupe Fraga y la Direcci\u00f3n de Comisiones de Fomento a cargo de Fernando Negrete,\u00a0 volver\u00e1 cumplirse en la ciudad un operativo del Registro Nacional de las Personas para [&hellip;]<\/p>\n","protected":false},"author":4,"featured_media":53585,"comment_status":"open","ping_status":"closed","sticky":false,"template":"","format":"standard","meta":{"om_disable_all_campaigns":false,"_jetpack_memberships_contains_paid_content":false,"footnotes":""},"categories":[101,2],"tags":[],"class_list":["post-53584","post","type-post","status-publish","format-standard","has-post-thumbnail","hentry","category-interes-general-locales","category-locales"],"aioseo_notices":[],"gutentor_comment":0,"jetpack_featured_media_url":"https:\/\/eldiariodesanpedro.com.ar\/sitio\/wp-content\/uploads\/2019\/05\/251.jpg","jetpack_shortlink":"https:\/\/wp.me\/p6RhLt-dWg","jetpack_sharing_enabled":true,"_links":{"self":[{"href":"https:\/\/eldiariodesanpedro.com.ar\/sitio\/wp-json\/wp\/v2\/posts\/53584","targetHints":{"allow":["GET"]}}],"collection":[{"href":"https:\/\/eldiariodesanpedro.com.ar\/sitio\/wp-json\/wp\/v2\/posts"}],"about":[{"href":"https:\/\/eldiariodesanpedro.com.ar\/sitio\/wp-json\/wp\/v2\/types\/post"}],"author":[{"embeddable":true,"href":"https:\/\/eldiariodesanpedro.com.ar\/sitio\/wp-json\/wp\/v2\/users\/4"}],"replies":[{"embeddable":true,"href":"https:\/\/eldiariodesanpedro.com.ar\/sitio\/wp-json\/wp\/v2\/comments?post=53584"}],"version-history":[{"count":1,"href":"https:\/\/eldiariodesanpedro.com.ar\/sitio\/wp-json\/wp\/v2\/posts\/53584\/revisions"}],"predecessor-version":[{"id":53586,"href":"https:\/\/eldiariodesanpedro.com.ar\/sitio\/wp-json\/wp\/v2\/posts\/53584\/revisions\/53586"}],"wp:featuredmedia":[{"embeddable":true,"href":"https:\/\/eldiariodesanpedro.com.ar\/sitio\/wp-json\/wp\/v2\/media\/53585"}],"wp:attachment":[{"href":"https:\/\/eldiariodesanpedro.com.ar\/sitio\/wp-json\/wp\/v2\/media?parent=53584"}],"wp:term":[{"taxonomy":"category","embeddable":true,"href":"https:\/\/eldiariodesanpedro.com.ar\/sitio\/wp-json\/wp\/v2\/categories?post=53584"},{"taxonomy":"post_tag","embeddable":true,"href":"https:\/\/eldiariodesanpedro.com.ar\/sitio\/wp-json\/wp\/v2\/tags?post=53584"}],"curies":[{"name":"wp","href":"https:\/\/api.w.org\/{rel}","templated":true}]}}