{"id":53575,"date":"2019-05-28T11:17:14","date_gmt":"2019-05-28T14:17:14","guid":{"rendered":"https:\/\/eldiariodesanpedro.com.ar\/sitio\/?p=53575"},"modified":"2019-05-28T11:17:25","modified_gmt":"2019-05-28T14:17:25","slug":"campana-de-prevencion-del-epoc-y-el-cancer-de-pulmon-2","status":"publish","type":"post","link":"https:\/\/eldiariodesanpedro.com.ar\/sitio\/campana-de-prevencion-del-epoc-y-el-cancer-de-pulmon-2\/","title":{"rendered":"Campa\u00f1a de prevenci\u00f3n del EPOC y el C\u00e1ncer de Pulm\u00f3n"},"content":{"rendered":"<!-- VideographyWP Plugin Message: Automatic video embedding prevented by plugin options. -->\n\n<p>Durante toda la semana se estar\u00e1 desarrollando en San Pedro, la Campa\u00f1a de Prevenci\u00f3n y Control de C\u00e1ncer de Pulm\u00f3n y EPOC. <\/p>\n\n\n\n<p>La misma es organizada por la Secretaria de Salud de la Municipalidad de San Pedro, Lalcec San Pedro y el Circulo Medico.<\/p>\n\n\n\n<p>Compartimos im\u00e1genes de la jornada de este lunes, donde se realizaron cooximetr\u00edas en el Palacio Municipal.<\/p>\n\n\n\n<ul class=\"wp-block-gallery columns-5 is-cropped wp-block-gallery-1 is-layout-flex wp-block-gallery-is-layout-flex\"><li class=\"blocks-gallery-item\"><figure><img decoding=\"async\" width=\"720\" height=\"960\" data-attachment-id=\"53576\" data-permalink=\"https:\/\/eldiariodesanpedro.com.ar\/sitio\/campana-de-prevencion-del-epoc-y-el-cancer-de-pulmon-2\/61090494_2263911677036828_4248919946597236736_n\/\" data-orig-file=\"https:\/\/eldiariodesanpedro.com.ar\/sitio\/wp-content\/uploads\/2019\/05\/61090494_2263911677036828_4248919946597236736_n.jpg\" data-orig-size=\"720,960\" data-comments-opened=\"1\" data-image-meta=\"{&quot;aperture&quot;:&quot;0&quot;,&quot;credit&quot;:&quot;&quot;,&quot;camera&quot;:&quot;&quot;,&quot;caption&quot;:&quot;&quot;,&quot;created_timestamp&quot;:&quot;0&quot;,&quot;copyright&quot;:&quot;&quot;,&quot;focal_length&quot;:&quot;0&quot;,&quot;iso&quot;:&quot;0&quot;,&quot;shutter_speed&quot;:&quot;0&quot;,&quot;title&quot;:&quot;&quot;,&quot;orientation&quot;:&quot;0&quot;}\" data-image-title=\"61090494_2263911677036828_4248919946597236736_n\" data-image-description=\"\" data-image-caption=\"\" data-large-file=\"https:\/\/eldiariodesanpedro.com.ar\/sitio\/wp-content\/uploads\/2019\/05\/61090494_2263911677036828_4248919946597236736_n.jpg\" data-src=\"https:\/\/eldiariodesanpedro.com.ar\/sitio\/wp-content\/uploads\/2019\/05\/61090494_2263911677036828_4248919946597236736_n.jpg\" alt=\"\" data-id=\"53576\" data-link=\"https:\/\/eldiariodesanpedro.com.ar\/sitio\/?attachment_id=53576\" class=\"wp-image-53576 lazyload\" data-srcset=\"https:\/\/eldiariodesanpedro.com.ar\/sitio\/wp-content\/uploads\/2019\/05\/61090494_2263911677036828_4248919946597236736_n.jpg 720w, https:\/\/eldiariodesanpedro.com.ar\/sitio\/wp-content\/uploads\/2019\/05\/61090494_2263911677036828_4248919946597236736_n-225x300.jpg 225w\" data-sizes=\"(max-width: 720px) 100vw, 720px\" src=\"data:image\/svg+xml;base64,PHN2ZyB3aWR0aD0iMSIgaGVpZ2h0PSIxIiB4bWxucz0iaHR0cDovL3d3dy53My5vcmcvMjAwMC9zdmciPjwvc3ZnPg==\" style=\"--smush-placeholder-width: 720px; --smush-placeholder-aspect-ratio: 720\/960;\" \/><\/figure><\/li><li class=\"blocks-gallery-item\"><figure><img decoding=\"async\" width=\"720\" height=\"960\" data-attachment-id=\"53577\" data-permalink=\"https:\/\/eldiariodesanpedro.com.ar\/sitio\/campana-de-prevencion-del-epoc-y-el-cancer-de-pulmon-2\/61389629_2263911820370147_2079871650056110080_n\/\" data-orig-file=\"https:\/\/eldiariodesanpedro.com.ar\/sitio\/wp-content\/uploads\/2019\/05\/61389629_2263911820370147_2079871650056110080_n.jpg\" data-orig-size=\"720,960\" data-comments-opened=\"1\" data-image-meta=\"{&quot;aperture&quot;:&quot;0&quot;,&quot;credit&quot;:&quot;&quot;,&quot;camera&quot;:&quot;&quot;,&quot;caption&quot;:&quot;&quot;,&quot;created_timestamp&quot;:&quot;0&quot;,&quot;copyright&quot;:&quot;&quot;,&quot;focal_length&quot;:&quot;0&quot;,&quot;iso&quot;:&quot;0&quot;,&quot;shutter_speed&quot;:&quot;0&quot;,&quot;title&quot;:&quot;&quot;,&quot;orientation&quot;:&quot;0&quot;}\" data-image-title=\"61389629_2263911820370147_2079871650056110080_n\" data-image-description=\"\" data-image-caption=\"\" data-large-file=\"https:\/\/eldiariodesanpedro.com.ar\/sitio\/wp-content\/uploads\/2019\/05\/61389629_2263911820370147_2079871650056110080_n.jpg\" data-src=\"https:\/\/eldiariodesanpedro.com.ar\/sitio\/wp-content\/uploads\/2019\/05\/61389629_2263911820370147_2079871650056110080_n.jpg\" alt=\"\" data-id=\"53577\" data-link=\"https:\/\/eldiariodesanpedro.com.ar\/sitio\/?attachment_id=53577\" class=\"wp-image-53577 lazyload\" data-srcset=\"https:\/\/eldiariodesanpedro.com.ar\/sitio\/wp-content\/uploads\/2019\/05\/61389629_2263911820370147_2079871650056110080_n.jpg 720w, https:\/\/eldiariodesanpedro.com.ar\/sitio\/wp-content\/uploads\/2019\/05\/61389629_2263911820370147_2079871650056110080_n-225x300.jpg 225w\" data-sizes=\"(max-width: 720px) 100vw, 720px\" src=\"data:image\/svg+xml;base64,PHN2ZyB3aWR0aD0iMSIgaGVpZ2h0PSIxIiB4bWxucz0iaHR0cDovL3d3dy53My5vcmcvMjAwMC9zdmciPjwvc3ZnPg==\" style=\"--smush-placeholder-width: 720px; --smush-placeholder-aspect-ratio: 720\/960;\" \/><\/figure><\/li><li class=\"blocks-gallery-item\"><figure><img decoding=\"async\" width=\"720\" height=\"960\" data-attachment-id=\"53578\" data-permalink=\"https:\/\/eldiariodesanpedro.com.ar\/sitio\/campana-de-prevencion-del-epoc-y-el-cancer-de-pulmon-2\/61538345_2263911853703477_8496423632023584768_n\/\" data-orig-file=\"https:\/\/eldiariodesanpedro.com.ar\/sitio\/wp-content\/uploads\/2019\/05\/61538345_2263911853703477_8496423632023584768_n.jpg\" data-orig-size=\"720,960\" data-comments-opened=\"1\" data-image-meta=\"{&quot;aperture&quot;:&quot;0&quot;,&quot;credit&quot;:&quot;&quot;,&quot;camera&quot;:&quot;&quot;,&quot;caption&quot;:&quot;&quot;,&quot;created_timestamp&quot;:&quot;0&quot;,&quot;copyright&quot;:&quot;&quot;,&quot;focal_length&quot;:&quot;0&quot;,&quot;iso&quot;:&quot;0&quot;,&quot;shutter_speed&quot;:&quot;0&quot;,&quot;title&quot;:&quot;&quot;,&quot;orientation&quot;:&quot;0&quot;}\" data-image-title=\"61538345_2263911853703477_8496423632023584768_n\" data-image-description=\"\" data-image-caption=\"\" data-large-file=\"https:\/\/eldiariodesanpedro.com.ar\/sitio\/wp-content\/uploads\/2019\/05\/61538345_2263911853703477_8496423632023584768_n.jpg\" data-src=\"https:\/\/eldiariodesanpedro.com.ar\/sitio\/wp-content\/uploads\/2019\/05\/61538345_2263911853703477_8496423632023584768_n.jpg\" alt=\"\" data-id=\"53578\" data-link=\"https:\/\/eldiariodesanpedro.com.ar\/sitio\/?attachment_id=53578\" class=\"wp-image-53578 lazyload\" data-srcset=\"https:\/\/eldiariodesanpedro.com.ar\/sitio\/wp-content\/uploads\/2019\/05\/61538345_2263911853703477_8496423632023584768_n.jpg 720w, https:\/\/eldiariodesanpedro.com.ar\/sitio\/wp-content\/uploads\/2019\/05\/61538345_2263911853703477_8496423632023584768_n-225x300.jpg 225w\" data-sizes=\"(max-width: 720px) 100vw, 720px\" src=\"data:image\/svg+xml;base64,PHN2ZyB3aWR0aD0iMSIgaGVpZ2h0PSIxIiB4bWxucz0iaHR0cDovL3d3dy53My5vcmcvMjAwMC9zdmciPjwvc3ZnPg==\" style=\"--smush-placeholder-width: 720px; --smush-placeholder-aspect-ratio: 720\/960;\" \/><\/figure><\/li><li class=\"blocks-gallery-item\"><figure><img decoding=\"async\" width=\"720\" height=\"960\" data-attachment-id=\"53579\" data-permalink=\"https:\/\/eldiariodesanpedro.com.ar\/sitio\/campana-de-prevencion-del-epoc-y-el-cancer-de-pulmon-2\/61591368_2263911707036825_9187576014178353152_n\/\" data-orig-file=\"https:\/\/eldiariodesanpedro.com.ar\/sitio\/wp-content\/uploads\/2019\/05\/61591368_2263911707036825_9187576014178353152_n.jpg\" data-orig-size=\"720,960\" data-comments-opened=\"1\" data-image-meta=\"{&quot;aperture&quot;:&quot;0&quot;,&quot;credit&quot;:&quot;&quot;,&quot;camera&quot;:&quot;&quot;,&quot;caption&quot;:&quot;&quot;,&quot;created_timestamp&quot;:&quot;0&quot;,&quot;copyright&quot;:&quot;&quot;,&quot;focal_length&quot;:&quot;0&quot;,&quot;iso&quot;:&quot;0&quot;,&quot;shutter_speed&quot;:&quot;0&quot;,&quot;title&quot;:&quot;&quot;,&quot;orientation&quot;:&quot;0&quot;}\" data-image-title=\"61591368_2263911707036825_9187576014178353152_n\" data-image-description=\"\" data-image-caption=\"\" data-large-file=\"https:\/\/eldiariodesanpedro.com.ar\/sitio\/wp-content\/uploads\/2019\/05\/61591368_2263911707036825_9187576014178353152_n.jpg\" data-src=\"https:\/\/eldiariodesanpedro.com.ar\/sitio\/wp-content\/uploads\/2019\/05\/61591368_2263911707036825_9187576014178353152_n.jpg\" alt=\"\" data-id=\"53579\" data-link=\"https:\/\/eldiariodesanpedro.com.ar\/sitio\/?attachment_id=53579\" class=\"wp-image-53579 lazyload\" data-srcset=\"https:\/\/eldiariodesanpedro.com.ar\/sitio\/wp-content\/uploads\/2019\/05\/61591368_2263911707036825_9187576014178353152_n.jpg 720w, https:\/\/eldiariodesanpedro.com.ar\/sitio\/wp-content\/uploads\/2019\/05\/61591368_2263911707036825_9187576014178353152_n-225x300.jpg 225w\" data-sizes=\"(max-width: 720px) 100vw, 720px\" src=\"data:image\/svg+xml;base64,PHN2ZyB3aWR0aD0iMSIgaGVpZ2h0PSIxIiB4bWxucz0iaHR0cDovL3d3dy53My5vcmcvMjAwMC9zdmciPjwvc3ZnPg==\" style=\"--smush-placeholder-width: 720px; --smush-placeholder-aspect-ratio: 720\/960;\" \/><\/figure><\/li><li class=\"blocks-gallery-item\"><figure><img decoding=\"async\" width=\"960\" height=\"720\" data-attachment-id=\"53580\" data-permalink=\"https:\/\/eldiariodesanpedro.com.ar\/sitio\/campana-de-prevencion-del-epoc-y-el-cancer-de-pulmon-2\/61668733_2263911687036827_3562813631324225536_n\/\" data-orig-file=\"https:\/\/eldiariodesanpedro.com.ar\/sitio\/wp-content\/uploads\/2019\/05\/61668733_2263911687036827_3562813631324225536_n.jpg\" data-orig-size=\"960,720\" data-comments-opened=\"1\" data-image-meta=\"{&quot;aperture&quot;:&quot;0&quot;,&quot;credit&quot;:&quot;&quot;,&quot;camera&quot;:&quot;&quot;,&quot;caption&quot;:&quot;&quot;,&quot;created_timestamp&quot;:&quot;0&quot;,&quot;copyright&quot;:&quot;&quot;,&quot;focal_length&quot;:&quot;0&quot;,&quot;iso&quot;:&quot;0&quot;,&quot;shutter_speed&quot;:&quot;0&quot;,&quot;title&quot;:&quot;&quot;,&quot;orientation&quot;:&quot;0&quot;}\" data-image-title=\"61668733_2263911687036827_3562813631324225536_n\" data-image-description=\"\" data-image-caption=\"\" data-large-file=\"https:\/\/eldiariodesanpedro.com.ar\/sitio\/wp-content\/uploads\/2019\/05\/61668733_2263911687036827_3562813631324225536_n.jpg\" data-src=\"https:\/\/eldiariodesanpedro.com.ar\/sitio\/wp-content\/uploads\/2019\/05\/61668733_2263911687036827_3562813631324225536_n.jpg\" alt=\"\" data-id=\"53580\" data-link=\"https:\/\/eldiariodesanpedro.com.ar\/sitio\/?attachment_id=53580\" class=\"wp-image-53580 lazyload\" data-srcset=\"https:\/\/eldiariodesanpedro.com.ar\/sitio\/wp-content\/uploads\/2019\/05\/61668733_2263911687036827_3562813631324225536_n.jpg 960w, https:\/\/eldiariodesanpedro.com.ar\/sitio\/wp-content\/uploads\/2019\/05\/61668733_2263911687036827_3562813631324225536_n-300x225.jpg 300w, https:\/\/eldiariodesanpedro.com.ar\/sitio\/wp-content\/uploads\/2019\/05\/61668733_2263911687036827_3562813631324225536_n-768x576.jpg 768w\" data-sizes=\"(max-width: 960px) 100vw, 960px\" src=\"data:image\/svg+xml;base64,PHN2ZyB3aWR0aD0iMSIgaGVpZ2h0PSIxIiB4bWxucz0iaHR0cDovL3d3dy53My5vcmcvMjAwMC9zdmciPjwvc3ZnPg==\" style=\"--smush-placeholder-width: 960px; --smush-placeholder-aspect-ratio: 960\/720;\" \/><\/figure><\/li><\/ul>\n\n\n\n<p>\n\nCronograma:<\/p>\n\n\n\n<p>Lunes 27 &#8211; 11 hs<br>Cooximetr\u00edas en el Municipio y el Hospital<\/p>\n\n\n\n<p>Martes 28 &#8211; 11 hs<br>Cooximetr\u00edas en el Municipio y el Hospital<\/p>\n\n\n\n<p>Mi\u00e9rcoles 29 &#8211; 20 hs<br>Charla EPOC &#8211; C\u00f3mo dejar de fumar &#8211; Cigarrillo Electr\u00f3nico<br>Auditorio del C\u00edrculo M\u00e9dico (G\u00fcemes 50)<br>Dres. Daniel Creus y Maximiliano Romanczuck, especialistas en neumonolog\u00eda.<\/p>\n\n\n\n<p>Jueves 30 (con turno previo)<br>LALCEC &#8211; Almafuerte 620 &#8211; Tel\u00e9fono 428120<br>Cooximetr\u00eda y Espirometr\u00eda de 9.30 a 12 y de 16.30 a 20<\/p>\n\n\n\n<p>Viernes 31 &#8211; 10 hs<br>Charla en el Hospital Emilio Ruffa<\/p>\n\n\n\n<p>(La cooximetr\u00eda es una prueba sencilla que mide la cantidad de mon\u00f3xido de carbono que se respira y que indica la presencia de tabaco en el organismo. La espirometr\u00eda mide la capacidad de retenci\u00f3n de aire en los pulmones y es fundamental para diagnosticar el EPOC.)<br><\/p>\n\n\n\n<p><\/p>\n","protected":false},"excerpt":{"rendered":"<p>Durante toda la semana se estar\u00e1 desarrollando en San Pedro, la Campa\u00f1a de Prevenci\u00f3n y Control de C\u00e1ncer de Pulm\u00f3n y EPOC. La misma es organizada por la Secretaria de Salud de la Municipalidad de San Pedro, Lalcec San Pedro y el Circulo Medico. Compartimos im\u00e1genes de la jornada de este lunes, donde se realizaron [&hellip;]<\/p>\n","protected":false},"author":4,"featured_media":53581,"comment_status":"open","ping_status":"closed","sticky":false,"template":"","format":"standard","meta":{"om_disable_all_campaigns":false,"_jetpack_memberships_contains_paid_content":false,"footnotes":""},"categories":[101,2],"tags":[],"class_list":["post-53575","post","type-post","status-publish","format-standard","has-post-thumbnail","hentry","category-interes-general-locales","category-locales"],"aioseo_notices":[],"gutentor_comment":0,"jetpack_featured_media_url":"https:\/\/eldiariodesanpedro.com.ar\/sitio\/wp-content\/uploads\/2019\/05\/61233933_2250518845042778_8846757800756379648_n.jpg","jetpack_shortlink":"https:\/\/wp.me\/p6RhLt-dW7","jetpack_sharing_enabled":true,"_links":{"self":[{"href":"https:\/\/eldiariodesanpedro.com.ar\/sitio\/wp-json\/wp\/v2\/posts\/53575","targetHints":{"allow":["GET"]}}],"collection":[{"href":"https:\/\/eldiariodesanpedro.com.ar\/sitio\/wp-json\/wp\/v2\/posts"}],"about":[{"href":"https:\/\/eldiariodesanpedro.com.ar\/sitio\/wp-json\/wp\/v2\/types\/post"}],"author":[{"embeddable":true,"href":"https:\/\/eldiariodesanpedro.com.ar\/sitio\/wp-json\/wp\/v2\/users\/4"}],"replies":[{"embeddable":true,"href":"https:\/\/eldiariodesanpedro.com.ar\/sitio\/wp-json\/wp\/v2\/comments?post=53575"}],"version-history":[{"count":1,"href":"https:\/\/eldiariodesanpedro.com.ar\/sitio\/wp-json\/wp\/v2\/posts\/53575\/revisions"}],"predecessor-version":[{"id":53582,"href":"https:\/\/eldiariodesanpedro.com.ar\/sitio\/wp-json\/wp\/v2\/posts\/53575\/revisions\/53582"}],"wp:featuredmedia":[{"embeddable":true,"href":"https:\/\/eldiariodesanpedro.com.ar\/sitio\/wp-json\/wp\/v2\/media\/53581"}],"wp:attachment":[{"href":"https:\/\/eldiariodesanpedro.com.ar\/sitio\/wp-json\/wp\/v2\/media?parent=53575"}],"wp:term":[{"taxonomy":"category","embeddable":true,"href":"https:\/\/eldiariodesanpedro.com.ar\/sitio\/wp-json\/wp\/v2\/categories?post=53575"},{"taxonomy":"post_tag","embeddable":true,"href":"https:\/\/eldiariodesanpedro.com.ar\/sitio\/wp-json\/wp\/v2\/tags?post=53575"}],"curies":[{"name":"wp","href":"https:\/\/api.w.org\/{rel}","templated":true}]}}