{"id":53572,"date":"2019-05-28T10:54:00","date_gmt":"2019-05-28T13:54:00","guid":{"rendered":"https:\/\/eldiariodesanpedro.com.ar\/sitio\/?p=53572"},"modified":"2019-05-28T10:54:07","modified_gmt":"2019-05-28T13:54:07","slug":"allanamiento-positivo-por-un-hecho-de-abigeato","status":"publish","type":"post","link":"https:\/\/eldiariodesanpedro.com.ar\/sitio\/allanamiento-positivo-por-un-hecho-de-abigeato\/","title":{"rendered":"Allanamiento positivo por un hecho de abigeato"},"content":{"rendered":"<!-- VideographyWP Plugin Message: Automatic video embedding prevented by plugin options. -->\n\n<p>La diligencia se produjo este lunes, en horas de la tarde, cuando luego de varias tareas investigativas, se logro recuperar lo sustra\u00eddo d\u00edas atr\u00e1s en un hecho de abigeato.<\/p>\n\n\n\n<p>Personal del Gabinete Criminologico procedi\u00f3 este lunes a realizar un allanamiento en una estancia ubicada en zonal rural, callejon Guzzo s\/n.<\/p>\n\n\n\n<p>La orden fue extendida por la Justicia Ordinaria por un hecho de abigeato que se investigaba hace unos dias atras.<\/p>\n\n\n\n<p>En el evento se pudo recuperar el elemento buscado, un equino hembra petiza. Con respecto a su tenedor, quien se encontraba en el lugar un ciudadano mayor de edad, se le cumplieron recaudos legales por el delito de encubrimiento.<\/p>\n\n\n\n<p>Interviene la Fiscalia en turno. <br><\/p>\n","protected":false},"excerpt":{"rendered":"<p>La diligencia se produjo este lunes, en horas de la tarde, cuando luego de varias tareas investigativas, se logro recuperar lo sustra\u00eddo d\u00edas atr\u00e1s en un hecho de abigeato. Personal del Gabinete Criminologico procedi\u00f3 este lunes a realizar un allanamiento en una estancia ubicada en zonal rural, callejon Guzzo s\/n. La orden fue extendida por [&hellip;]<\/p>\n","protected":false},"author":4,"featured_media":52671,"comment_status":"open","ping_status":"closed","sticky":false,"template":"","format":"standard","meta":{"om_disable_all_campaigns":false,"_jetpack_memberships_contains_paid_content":false,"footnotes":""},"categories":[2,103],"tags":[],"class_list":["post-53572","post","type-post","status-publish","format-standard","has-post-thumbnail","hentry","category-locales","category-policiales-locales"],"aioseo_notices":[],"gutentor_comment":0,"jetpack_featured_media_url":"https:\/\/eldiariodesanpedro.com.ar\/sitio\/wp-content\/uploads\/2019\/05\/Patrulla-Rural.jpg","jetpack_shortlink":"https:\/\/wp.me\/p6RhLt-dW4","jetpack_sharing_enabled":true,"_links":{"self":[{"href":"https:\/\/eldiariodesanpedro.com.ar\/sitio\/wp-json\/wp\/v2\/posts\/53572","targetHints":{"allow":["GET"]}}],"collection":[{"href":"https:\/\/eldiariodesanpedro.com.ar\/sitio\/wp-json\/wp\/v2\/posts"}],"about":[{"href":"https:\/\/eldiariodesanpedro.com.ar\/sitio\/wp-json\/wp\/v2\/types\/post"}],"author":[{"embeddable":true,"href":"https:\/\/eldiariodesanpedro.com.ar\/sitio\/wp-json\/wp\/v2\/users\/4"}],"replies":[{"embeddable":true,"href":"https:\/\/eldiariodesanpedro.com.ar\/sitio\/wp-json\/wp\/v2\/comments?post=53572"}],"version-history":[{"count":1,"href":"https:\/\/eldiariodesanpedro.com.ar\/sitio\/wp-json\/wp\/v2\/posts\/53572\/revisions"}],"predecessor-version":[{"id":53573,"href":"https:\/\/eldiariodesanpedro.com.ar\/sitio\/wp-json\/wp\/v2\/posts\/53572\/revisions\/53573"}],"wp:featuredmedia":[{"embeddable":true,"href":"https:\/\/eldiariodesanpedro.com.ar\/sitio\/wp-json\/wp\/v2\/media\/52671"}],"wp:attachment":[{"href":"https:\/\/eldiariodesanpedro.com.ar\/sitio\/wp-json\/wp\/v2\/media?parent=53572"}],"wp:term":[{"taxonomy":"category","embeddable":true,"href":"https:\/\/eldiariodesanpedro.com.ar\/sitio\/wp-json\/wp\/v2\/categories?post=53572"},{"taxonomy":"post_tag","embeddable":true,"href":"https:\/\/eldiariodesanpedro.com.ar\/sitio\/wp-json\/wp\/v2\/tags?post=53572"}],"curies":[{"name":"wp","href":"https:\/\/api.w.org\/{rel}","templated":true}]}}