{"id":53567,"date":"2019-05-28T10:25:21","date_gmt":"2019-05-28T13:25:21","guid":{"rendered":"https:\/\/eldiariodesanpedro.com.ar\/sitio\/?p=53567"},"modified":"2019-05-28T10:25:31","modified_gmt":"2019-05-28T13:25:31","slug":"agrupacion-mallorca-ya-tiene-nueva-terraza-y-una-ermita","status":"publish","type":"post","link":"https:\/\/eldiariodesanpedro.com.ar\/sitio\/agrupacion-mallorca-ya-tiene-nueva-terraza-y-una-ermita\/","title":{"rendered":"Agrupaci\u00f3n Mallorca: Ya tiene nueva terraza y una ermita"},"content":{"rendered":"<!-- VideographyWP Plugin Message: Automatic video embedding prevented by plugin options. -->\n\n<p>Con una serie de actividades quedo inaugurada la  nueva terrazas que construyeron en el predio ubicado en la Avenida Costanera. Tambi\u00e9n se llev\u00f3 a cabo la inauguraci\u00f3n de la Ermita Mare de Deu de Sant Salvador, su bendici\u00f3n estuvo a cargo del cura p\u00e1rroco H\u00e9ctor Molfesa. <\/p>\n\n\n\n<p> El evento que tuvo lugar en la sede de Agrupaci\u00f3n Mallorca, tuvo el acompa\u00f1amiento de \u00a0Sociedades Espa\u00f1olas de 9 de Julio, Mercedes y San Pedro, junto al Consejero de Trabajo del Gobierno del Reino de Espa\u00f1a, Don Jos\u00e9 Castro Navas, autoridades municipales, el equipo de arquitectos de este proyecto, Cati Cobas, Marcela Ferreyra y Pedro Restelli. <\/p>\n\n\n\n<p>La Licenciada Mariana Maroli y Mirta Armellini se encargaron de la confecci\u00f3n de los escudos.<br><\/p>\n\n\n\n<p>Quedo concretada la primera etapa del proyecto de Parque Balear .Cada uno de los espacios lleva el nombre de alguna de las Islas Baleares: Mallorca, Menorca, Ibiza y Formentera.\u00a0  <\/p>\n\n\n\n<ul class=\"wp-block-gallery columns-2 is-cropped wp-block-gallery-1 is-layout-flex wp-block-gallery-is-layout-flex\"><li class=\"blocks-gallery-item\"><figure><img decoding=\"async\" width=\"960\" height=\"723\" data-attachment-id=\"53569\" data-permalink=\"https:\/\/eldiariodesanpedro.com.ar\/sitio\/agrupacion-mallorca-ya-tiene-nueva-terraza-y-una-ermita\/61189148_848631425498809_311049906762547200_n\/\" data-orig-file=\"https:\/\/eldiariodesanpedro.com.ar\/sitio\/wp-content\/uploads\/2019\/05\/61189148_848631425498809_311049906762547200_n.jpg\" data-orig-size=\"960,723\" data-comments-opened=\"1\" data-image-meta=\"{&quot;aperture&quot;:&quot;0&quot;,&quot;credit&quot;:&quot;&quot;,&quot;camera&quot;:&quot;&quot;,&quot;caption&quot;:&quot;&quot;,&quot;created_timestamp&quot;:&quot;0&quot;,&quot;copyright&quot;:&quot;&quot;,&quot;focal_length&quot;:&quot;0&quot;,&quot;iso&quot;:&quot;0&quot;,&quot;shutter_speed&quot;:&quot;0&quot;,&quot;title&quot;:&quot;&quot;,&quot;orientation&quot;:&quot;0&quot;}\" data-image-title=\"61189148_848631425498809_311049906762547200_n\" data-image-description=\"\" data-image-caption=\"\" data-large-file=\"https:\/\/eldiariodesanpedro.com.ar\/sitio\/wp-content\/uploads\/2019\/05\/61189148_848631425498809_311049906762547200_n.jpg\" data-src=\"https:\/\/eldiariodesanpedro.com.ar\/sitio\/wp-content\/uploads\/2019\/05\/61189148_848631425498809_311049906762547200_n.jpg\" alt=\"\" data-id=\"53569\" data-link=\"https:\/\/eldiariodesanpedro.com.ar\/sitio\/?attachment_id=53569\" class=\"wp-image-53569 lazyload\" data-srcset=\"https:\/\/eldiariodesanpedro.com.ar\/sitio\/wp-content\/uploads\/2019\/05\/61189148_848631425498809_311049906762547200_n.jpg 960w, https:\/\/eldiariodesanpedro.com.ar\/sitio\/wp-content\/uploads\/2019\/05\/61189148_848631425498809_311049906762547200_n-300x226.jpg 300w, https:\/\/eldiariodesanpedro.com.ar\/sitio\/wp-content\/uploads\/2019\/05\/61189148_848631425498809_311049906762547200_n-768x578.jpg 768w\" data-sizes=\"(max-width: 960px) 100vw, 960px\" src=\"data:image\/svg+xml;base64,PHN2ZyB3aWR0aD0iMSIgaGVpZ2h0PSIxIiB4bWxucz0iaHR0cDovL3d3dy53My5vcmcvMjAwMC9zdmciPjwvc3ZnPg==\" style=\"--smush-placeholder-width: 960px; --smush-placeholder-aspect-ratio: 960\/723;\" \/><\/figure><\/li><li class=\"blocks-gallery-item\"><figure><img decoding=\"async\" width=\"960\" height=\"762\" data-attachment-id=\"53568\" data-permalink=\"https:\/\/eldiariodesanpedro.com.ar\/sitio\/agrupacion-mallorca-ya-tiene-nueva-terraza-y-una-ermita\/61082066_848631198832165_349247082445406208_n\/\" data-orig-file=\"https:\/\/eldiariodesanpedro.com.ar\/sitio\/wp-content\/uploads\/2019\/05\/61082066_848631198832165_349247082445406208_n.jpg\" data-orig-size=\"960,762\" data-comments-opened=\"1\" data-image-meta=\"{&quot;aperture&quot;:&quot;0&quot;,&quot;credit&quot;:&quot;&quot;,&quot;camera&quot;:&quot;&quot;,&quot;caption&quot;:&quot;&quot;,&quot;created_timestamp&quot;:&quot;0&quot;,&quot;copyright&quot;:&quot;&quot;,&quot;focal_length&quot;:&quot;0&quot;,&quot;iso&quot;:&quot;0&quot;,&quot;shutter_speed&quot;:&quot;0&quot;,&quot;title&quot;:&quot;&quot;,&quot;orientation&quot;:&quot;0&quot;}\" data-image-title=\"61082066_848631198832165_349247082445406208_n\" data-image-description=\"\" data-image-caption=\"\" data-large-file=\"https:\/\/eldiariodesanpedro.com.ar\/sitio\/wp-content\/uploads\/2019\/05\/61082066_848631198832165_349247082445406208_n.jpg\" data-src=\"https:\/\/eldiariodesanpedro.com.ar\/sitio\/wp-content\/uploads\/2019\/05\/61082066_848631198832165_349247082445406208_n.jpg\" alt=\"\" data-id=\"53568\" data-link=\"https:\/\/eldiariodesanpedro.com.ar\/sitio\/?attachment_id=53568\" class=\"wp-image-53568 lazyload\" data-srcset=\"https:\/\/eldiariodesanpedro.com.ar\/sitio\/wp-content\/uploads\/2019\/05\/61082066_848631198832165_349247082445406208_n.jpg 960w, https:\/\/eldiariodesanpedro.com.ar\/sitio\/wp-content\/uploads\/2019\/05\/61082066_848631198832165_349247082445406208_n-300x238.jpg 300w, https:\/\/eldiariodesanpedro.com.ar\/sitio\/wp-content\/uploads\/2019\/05\/61082066_848631198832165_349247082445406208_n-768x610.jpg 768w\" data-sizes=\"(max-width: 960px) 100vw, 960px\" src=\"data:image\/svg+xml;base64,PHN2ZyB3aWR0aD0iMSIgaGVpZ2h0PSIxIiB4bWxucz0iaHR0cDovL3d3dy53My5vcmcvMjAwMC9zdmciPjwvc3ZnPg==\" style=\"--smush-placeholder-width: 960px; --smush-placeholder-aspect-ratio: 960\/762;\" \/><\/figure><\/li><\/ul>\n","protected":false},"excerpt":{"rendered":"<p>Con una serie de actividades quedo inaugurada la nueva terrazas que construyeron en el predio ubicado en la Avenida Costanera. Tambi\u00e9n se llev\u00f3 a cabo la inauguraci\u00f3n de la Ermita Mare de Deu de Sant Salvador, su bendici\u00f3n estuvo a cargo del cura p\u00e1rroco H\u00e9ctor Molfesa. El evento que tuvo lugar en la sede de [&hellip;]<\/p>\n","protected":false},"author":4,"featured_media":53570,"comment_status":"open","ping_status":"closed","sticky":false,"template":"","format":"standard","meta":{"om_disable_all_campaigns":false,"_jetpack_memberships_contains_paid_content":false,"footnotes":""},"categories":[101,2],"tags":[],"class_list":["post-53567","post","type-post","status-publish","format-standard","has-post-thumbnail","hentry","category-interes-general-locales","category-locales"],"aioseo_notices":[],"gutentor_comment":0,"jetpack_featured_media_url":"https:\/\/eldiariodesanpedro.com.ar\/sitio\/wp-content\/uploads\/2019\/05\/61283028_848632308832054_6227509086628347904_o.png","jetpack_shortlink":"https:\/\/wp.me\/p6RhLt-dVZ","jetpack_sharing_enabled":true,"_links":{"self":[{"href":"https:\/\/eldiariodesanpedro.com.ar\/sitio\/wp-json\/wp\/v2\/posts\/53567","targetHints":{"allow":["GET"]}}],"collection":[{"href":"https:\/\/eldiariodesanpedro.com.ar\/sitio\/wp-json\/wp\/v2\/posts"}],"about":[{"href":"https:\/\/eldiariodesanpedro.com.ar\/sitio\/wp-json\/wp\/v2\/types\/post"}],"author":[{"embeddable":true,"href":"https:\/\/eldiariodesanpedro.com.ar\/sitio\/wp-json\/wp\/v2\/users\/4"}],"replies":[{"embeddable":true,"href":"https:\/\/eldiariodesanpedro.com.ar\/sitio\/wp-json\/wp\/v2\/comments?post=53567"}],"version-history":[{"count":1,"href":"https:\/\/eldiariodesanpedro.com.ar\/sitio\/wp-json\/wp\/v2\/posts\/53567\/revisions"}],"predecessor-version":[{"id":53571,"href":"https:\/\/eldiariodesanpedro.com.ar\/sitio\/wp-json\/wp\/v2\/posts\/53567\/revisions\/53571"}],"wp:featuredmedia":[{"embeddable":true,"href":"https:\/\/eldiariodesanpedro.com.ar\/sitio\/wp-json\/wp\/v2\/media\/53570"}],"wp:attachment":[{"href":"https:\/\/eldiariodesanpedro.com.ar\/sitio\/wp-json\/wp\/v2\/media?parent=53567"}],"wp:term":[{"taxonomy":"category","embeddable":true,"href":"https:\/\/eldiariodesanpedro.com.ar\/sitio\/wp-json\/wp\/v2\/categories?post=53567"},{"taxonomy":"post_tag","embeddable":true,"href":"https:\/\/eldiariodesanpedro.com.ar\/sitio\/wp-json\/wp\/v2\/tags?post=53567"}],"curies":[{"name":"wp","href":"https:\/\/api.w.org\/{rel}","templated":true}]}}