{"id":53549,"date":"2019-05-28T09:09:54","date_gmt":"2019-05-28T12:09:54","guid":{"rendered":"https:\/\/eldiariodesanpedro.com.ar\/sitio\/?p=53549"},"modified":"2019-05-28T09:10:01","modified_gmt":"2019-05-28T12:10:01","slug":"aprehendido-por-pedido-de-paradero-activo","status":"publish","type":"post","link":"https:\/\/eldiariodesanpedro.com.ar\/sitio\/aprehendido-por-pedido-de-paradero-activo\/","title":{"rendered":"Aprehendido por pedido de paradero activo"},"content":{"rendered":"<!-- VideographyWP Plugin Message: Automatic video embedding prevented by plugin options. -->\n\n<p>Sucedi\u00f3 en el marco de operativos de control vehicular. Personal de Jefatura de San Nicolas GAD, procedi\u00f3 a la aprehensi\u00f3n  de un joven de 21 a\u00f1os de edad quien pose\u00eda pedido de paradero activo.<\/p>\n\n\n\n<p>As\u00ed fue como en intersecci\u00f3n de las calles Bottaro y Rio Bamba, el personal GAD, procedi\u00f3 a identificar al masculino, por el sistema inform\u00e1tico policial quien pesaba sobre su persona impedimento ilegal por paradero activo a requerimiento de la Fiscalia de San Nicolas, del a\u00f1o 2016.<\/p>\n\n\n\n<p>Interviene la fiscalia en turno.<\/p>\n","protected":false},"excerpt":{"rendered":"<p>Sucedi\u00f3 en el marco de operativos de control vehicular. Personal de Jefatura de San Nicolas GAD, procedi\u00f3 a la aprehensi\u00f3n de un joven de 21 a\u00f1os de edad quien pose\u00eda pedido de paradero activo. As\u00ed fue como en intersecci\u00f3n de las calles Bottaro y Rio Bamba, el personal GAD, procedi\u00f3 a identificar al masculino, por [&hellip;]<\/p>\n","protected":false},"author":4,"featured_media":53201,"comment_status":"open","ping_status":"closed","sticky":false,"template":"","format":"standard","meta":{"om_disable_all_campaigns":false,"_jetpack_memberships_contains_paid_content":false,"footnotes":""},"categories":[2,103],"tags":[],"class_list":["post-53549","post","type-post","status-publish","format-standard","has-post-thumbnail","hentry","category-locales","category-policiales-locales"],"aioseo_notices":[],"gutentor_comment":0,"jetpack_featured_media_url":"https:\/\/eldiariodesanpedro.com.ar\/sitio\/wp-content\/uploads\/2019\/05\/aprehendido-cool.jpg","jetpack_shortlink":"https:\/\/wp.me\/p6RhLt-dVH","jetpack_sharing_enabled":true,"_links":{"self":[{"href":"https:\/\/eldiariodesanpedro.com.ar\/sitio\/wp-json\/wp\/v2\/posts\/53549","targetHints":{"allow":["GET"]}}],"collection":[{"href":"https:\/\/eldiariodesanpedro.com.ar\/sitio\/wp-json\/wp\/v2\/posts"}],"about":[{"href":"https:\/\/eldiariodesanpedro.com.ar\/sitio\/wp-json\/wp\/v2\/types\/post"}],"author":[{"embeddable":true,"href":"https:\/\/eldiariodesanpedro.com.ar\/sitio\/wp-json\/wp\/v2\/users\/4"}],"replies":[{"embeddable":true,"href":"https:\/\/eldiariodesanpedro.com.ar\/sitio\/wp-json\/wp\/v2\/comments?post=53549"}],"version-history":[{"count":1,"href":"https:\/\/eldiariodesanpedro.com.ar\/sitio\/wp-json\/wp\/v2\/posts\/53549\/revisions"}],"predecessor-version":[{"id":53550,"href":"https:\/\/eldiariodesanpedro.com.ar\/sitio\/wp-json\/wp\/v2\/posts\/53549\/revisions\/53550"}],"wp:featuredmedia":[{"embeddable":true,"href":"https:\/\/eldiariodesanpedro.com.ar\/sitio\/wp-json\/wp\/v2\/media\/53201"}],"wp:attachment":[{"href":"https:\/\/eldiariodesanpedro.com.ar\/sitio\/wp-json\/wp\/v2\/media?parent=53549"}],"wp:term":[{"taxonomy":"category","embeddable":true,"href":"https:\/\/eldiariodesanpedro.com.ar\/sitio\/wp-json\/wp\/v2\/categories?post=53549"},{"taxonomy":"post_tag","embeddable":true,"href":"https:\/\/eldiariodesanpedro.com.ar\/sitio\/wp-json\/wp\/v2\/tags?post=53549"}],"curies":[{"name":"wp","href":"https:\/\/api.w.org\/{rel}","templated":true}]}}