{"id":53541,"date":"2019-05-28T08:41:08","date_gmt":"2019-05-28T11:41:08","guid":{"rendered":"https:\/\/eldiariodesanpedro.com.ar\/sitio\/?p=53541"},"modified":"2019-05-28T08:41:17","modified_gmt":"2019-05-28T11:41:17","slug":"se-secuestro-una-moto-con-motor-adulterado","status":"publish","type":"post","link":"https:\/\/eldiariodesanpedro.com.ar\/sitio\/se-secuestro-una-moto-con-motor-adulterado\/","title":{"rendered":"Se secuestro una moto con motor adulterado"},"content":{"rendered":"<!-- VideographyWP Plugin Message: Automatic video embedding prevented by plugin options. -->\n\n<p>El hecho sucedi\u00f3 en intersecci\u00f3n de las calles Las Provincias y Fray Cayetano Rodr\u00edguez, cuando personal policial que se encontraba en operativo de saturaci\u00f3n, intercepta a un menor de edad para su identificaci\u00f3n.<\/p>\n\n\n\n<p>La motocicleta en la que circulaba pose\u00eda numero de motor adulterado, la cual qued\u00f3 secuestrada por los efectivos. Su conductor menor, es trasladado a la Dependencia Local con recaudos legales, es retirado por sus progenitores.<\/p>\n\n\n\n<figure class=\"wp-block-image\"><img decoding=\"async\" width=\"1280\" height=\"720\" data-attachment-id=\"53542\" data-permalink=\"https:\/\/eldiariodesanpedro.com.ar\/sitio\/se-secuestro-una-moto-con-motor-adulterado\/whatsapp-image-2019-05-27-at-5-54-29-pm\/\" data-orig-file=\"https:\/\/eldiariodesanpedro.com.ar\/sitio\/wp-content\/uploads\/2019\/05\/WhatsApp-Image-2019-05-27-at-5.54.29-PM.jpeg\" data-orig-size=\"1280,720\" data-comments-opened=\"1\" data-image-meta=\"{&quot;aperture&quot;:&quot;0&quot;,&quot;credit&quot;:&quot;&quot;,&quot;camera&quot;:&quot;&quot;,&quot;caption&quot;:&quot;&quot;,&quot;created_timestamp&quot;:&quot;0&quot;,&quot;copyright&quot;:&quot;&quot;,&quot;focal_length&quot;:&quot;0&quot;,&quot;iso&quot;:&quot;0&quot;,&quot;shutter_speed&quot;:&quot;0&quot;,&quot;title&quot;:&quot;&quot;,&quot;orientation&quot;:&quot;0&quot;}\" data-image-title=\"WhatsApp Image 2019-05-27 at 5.54.29 PM\" data-image-description=\"\" data-image-caption=\"\" data-large-file=\"https:\/\/eldiariodesanpedro.com.ar\/sitio\/wp-content\/uploads\/2019\/05\/WhatsApp-Image-2019-05-27-at-5.54.29-PM-1024x576.jpeg\" data-src=\"https:\/\/i1.wp.com\/eldiariodesanpedro.com.ar\/sitio\/wp-content\/uploads\/2019\/05\/WhatsApp-Image-2019-05-27-at-5.54.29-PM.jpeg?fit=660%2C371\" alt=\"\" class=\"wp-image-53542 lazyload\" data-srcset=\"https:\/\/eldiariodesanpedro.com.ar\/sitio\/wp-content\/uploads\/2019\/05\/WhatsApp-Image-2019-05-27-at-5.54.29-PM.jpeg 1280w, https:\/\/eldiariodesanpedro.com.ar\/sitio\/wp-content\/uploads\/2019\/05\/WhatsApp-Image-2019-05-27-at-5.54.29-PM-300x169.jpeg 300w, https:\/\/eldiariodesanpedro.com.ar\/sitio\/wp-content\/uploads\/2019\/05\/WhatsApp-Image-2019-05-27-at-5.54.29-PM-768x432.jpeg 768w, https:\/\/eldiariodesanpedro.com.ar\/sitio\/wp-content\/uploads\/2019\/05\/WhatsApp-Image-2019-05-27-at-5.54.29-PM-1024x576.jpeg 1024w\" data-sizes=\"(max-width: 1280px) 100vw, 1280px\" src=\"data:image\/svg+xml;base64,PHN2ZyB3aWR0aD0iMSIgaGVpZ2h0PSIxIiB4bWxucz0iaHR0cDovL3d3dy53My5vcmcvMjAwMC9zdmciPjwvc3ZnPg==\" style=\"--smush-placeholder-width: 1280px; --smush-placeholder-aspect-ratio: 1280\/720;\" \/><\/figure>\n","protected":false},"excerpt":{"rendered":"<p>El hecho sucedi\u00f3 en intersecci\u00f3n de las calles Las Provincias y Fray Cayetano Rodr\u00edguez, cuando personal policial que se encontraba en operativo de saturaci\u00f3n, intercepta a un menor de edad para su identificaci\u00f3n. La motocicleta en la que circulaba pose\u00eda numero de motor adulterado, la cual qued\u00f3 secuestrada por los efectivos. Su conductor menor, es [&hellip;]<\/p>\n","protected":false},"author":4,"featured_media":45949,"comment_status":"open","ping_status":"closed","sticky":false,"template":"","format":"standard","meta":{"om_disable_all_campaigns":false,"_jetpack_memberships_contains_paid_content":false,"footnotes":""},"categories":[2,103],"tags":[],"class_list":["post-53541","post","type-post","status-publish","format-standard","has-post-thumbnail","hentry","category-locales","category-policiales-locales"],"aioseo_notices":[],"gutentor_comment":0,"jetpack_featured_media_url":"https:\/\/eldiariodesanpedro.com.ar\/sitio\/wp-content\/uploads\/2019\/01\/nuevos-patrulleros-policia-02_6.jpg","jetpack_shortlink":"https:\/\/wp.me\/p6RhLt-dVz","jetpack_sharing_enabled":true,"_links":{"self":[{"href":"https:\/\/eldiariodesanpedro.com.ar\/sitio\/wp-json\/wp\/v2\/posts\/53541","targetHints":{"allow":["GET"]}}],"collection":[{"href":"https:\/\/eldiariodesanpedro.com.ar\/sitio\/wp-json\/wp\/v2\/posts"}],"about":[{"href":"https:\/\/eldiariodesanpedro.com.ar\/sitio\/wp-json\/wp\/v2\/types\/post"}],"author":[{"embeddable":true,"href":"https:\/\/eldiariodesanpedro.com.ar\/sitio\/wp-json\/wp\/v2\/users\/4"}],"replies":[{"embeddable":true,"href":"https:\/\/eldiariodesanpedro.com.ar\/sitio\/wp-json\/wp\/v2\/comments?post=53541"}],"version-history":[{"count":1,"href":"https:\/\/eldiariodesanpedro.com.ar\/sitio\/wp-json\/wp\/v2\/posts\/53541\/revisions"}],"predecessor-version":[{"id":53543,"href":"https:\/\/eldiariodesanpedro.com.ar\/sitio\/wp-json\/wp\/v2\/posts\/53541\/revisions\/53543"}],"wp:featuredmedia":[{"embeddable":true,"href":"https:\/\/eldiariodesanpedro.com.ar\/sitio\/wp-json\/wp\/v2\/media\/45949"}],"wp:attachment":[{"href":"https:\/\/eldiariodesanpedro.com.ar\/sitio\/wp-json\/wp\/v2\/media?parent=53541"}],"wp:term":[{"taxonomy":"category","embeddable":true,"href":"https:\/\/eldiariodesanpedro.com.ar\/sitio\/wp-json\/wp\/v2\/categories?post=53541"},{"taxonomy":"post_tag","embeddable":true,"href":"https:\/\/eldiariodesanpedro.com.ar\/sitio\/wp-json\/wp\/v2\/tags?post=53541"}],"curies":[{"name":"wp","href":"https:\/\/api.w.org\/{rel}","templated":true}]}}