{"id":53536,"date":"2019-05-28T08:37:37","date_gmt":"2019-05-28T11:37:37","guid":{"rendered":"https:\/\/eldiariodesanpedro.com.ar\/sitio\/?p=53536"},"modified":"2019-05-28T08:39:03","modified_gmt":"2019-05-28T11:39:03","slug":"violencia-de-genero-agredio-fisicamente-a-su-pareja","status":"publish","type":"post","link":"https:\/\/eldiariodesanpedro.com.ar\/sitio\/violencia-de-genero-agredio-fisicamente-a-su-pareja\/","title":{"rendered":"VIOLENCIA DE G\u00c9NERO: Agredi\u00f3 f\u00edsicamente a su pareja"},"content":{"rendered":"<!-- VideographyWP Plugin Message: Automatic video embedding prevented by plugin options. -->\n\n<p>El violento hecho sucedi\u00f3 en horas del mediod\u00eda de este lunes cuando el agresor se encontraba discutiendo con su pareja femenina en la v\u00eda p\u00fablica. Fue aprehendido y trasladado a la comisaria local.<\/p>\n\n\n\n<p>Se trata de un hombre de 44 a\u00f1os de edad, fue reducido tras r\u00e1pido accionar policial,  luego de acudir a la alerta donde estaba produciendo un hecho de violencia de g\u00e9nero.<\/p>\n\n\n\n<p>El violento golpeo en la v\u00eda p\u00fablica a su pareja, sobre calle Boulevard Moreno, entre 25 de Mayo y Mitre.<br><\/p>\n\n\n\n<p>Fue r\u00e1pidamente trasladado a la Dependencia Local y la v\u00edctima radic\u00f3 su denuncia en la Comisar\u00eda de la Mujer donde fue asistida con lesiones de car\u00e1cter leve.<\/p>\n\n\n\n<p>Toma intervenci\u00f3n la Fiscal\u00eda en turno.<\/p>\n\n\n\n<figure class=\"wp-block-image\"><img decoding=\"async\" width=\"1280\" height=\"720\" data-attachment-id=\"53539\" data-permalink=\"https:\/\/eldiariodesanpedro.com.ar\/sitio\/violencia-de-genero-agredio-fisicamente-a-su-pareja\/whatsapp-image-2019-05-27-at-5-54-46-pm\/\" data-orig-file=\"https:\/\/eldiariodesanpedro.com.ar\/sitio\/wp-content\/uploads\/2019\/05\/WhatsApp-Image-2019-05-27-at-5.54.46-PM.jpeg\" data-orig-size=\"1280,720\" data-comments-opened=\"1\" data-image-meta=\"{&quot;aperture&quot;:&quot;0&quot;,&quot;credit&quot;:&quot;&quot;,&quot;camera&quot;:&quot;&quot;,&quot;caption&quot;:&quot;&quot;,&quot;created_timestamp&quot;:&quot;0&quot;,&quot;copyright&quot;:&quot;&quot;,&quot;focal_length&quot;:&quot;0&quot;,&quot;iso&quot;:&quot;0&quot;,&quot;shutter_speed&quot;:&quot;0&quot;,&quot;title&quot;:&quot;&quot;,&quot;orientation&quot;:&quot;0&quot;}\" data-image-title=\"WhatsApp Image 2019-05-27 at 5.54.46 PM\" data-image-description=\"\" data-image-caption=\"\" data-large-file=\"https:\/\/eldiariodesanpedro.com.ar\/sitio\/wp-content\/uploads\/2019\/05\/WhatsApp-Image-2019-05-27-at-5.54.46-PM-1024x576.jpeg\" data-src=\"https:\/\/i0.wp.com\/eldiariodesanpedro.com.ar\/sitio\/wp-content\/uploads\/2019\/05\/WhatsApp-Image-2019-05-27-at-5.54.46-PM.jpeg?fit=660%2C371\" alt=\"\" class=\"wp-image-53539 lazyload\" data-srcset=\"https:\/\/eldiariodesanpedro.com.ar\/sitio\/wp-content\/uploads\/2019\/05\/WhatsApp-Image-2019-05-27-at-5.54.46-PM.jpeg 1280w, https:\/\/eldiariodesanpedro.com.ar\/sitio\/wp-content\/uploads\/2019\/05\/WhatsApp-Image-2019-05-27-at-5.54.46-PM-300x169.jpeg 300w, https:\/\/eldiariodesanpedro.com.ar\/sitio\/wp-content\/uploads\/2019\/05\/WhatsApp-Image-2019-05-27-at-5.54.46-PM-768x432.jpeg 768w, https:\/\/eldiariodesanpedro.com.ar\/sitio\/wp-content\/uploads\/2019\/05\/WhatsApp-Image-2019-05-27-at-5.54.46-PM-1024x576.jpeg 1024w\" data-sizes=\"(max-width: 1280px) 100vw, 1280px\" src=\"data:image\/svg+xml;base64,PHN2ZyB3aWR0aD0iMSIgaGVpZ2h0PSIxIiB4bWxucz0iaHR0cDovL3d3dy53My5vcmcvMjAwMC9zdmciPjwvc3ZnPg==\" style=\"--smush-placeholder-width: 1280px; --smush-placeholder-aspect-ratio: 1280\/720;\" \/><\/figure>\n","protected":false},"excerpt":{"rendered":"<p>El violento hecho sucedi\u00f3 en horas del mediod\u00eda de este lunes cuando el agresor se encontraba discutiendo con su pareja femenina en la v\u00eda p\u00fablica. Fue aprehendido y trasladado a la comisaria local. Se trata de un hombre de 44 a\u00f1os de edad, fue reducido tras r\u00e1pido accionar policial, luego de acudir a la alerta [&hellip;]<\/p>\n","protected":false},"author":4,"featured_media":47762,"comment_status":"open","ping_status":"closed","sticky":false,"template":"","format":"standard","meta":{"om_disable_all_campaigns":false,"_jetpack_memberships_contains_paid_content":false,"footnotes":""},"categories":[2,103],"tags":[],"class_list":["post-53536","post","type-post","status-publish","format-standard","has-post-thumbnail","hentry","category-locales","category-policiales-locales"],"aioseo_notices":[],"gutentor_comment":0,"jetpack_featured_media_url":"https:\/\/eldiariodesanpedro.com.ar\/sitio\/wp-content\/uploads\/2019\/02\/violencia-1.jpg","jetpack_shortlink":"https:\/\/wp.me\/p6RhLt-dVu","jetpack_sharing_enabled":true,"_links":{"self":[{"href":"https:\/\/eldiariodesanpedro.com.ar\/sitio\/wp-json\/wp\/v2\/posts\/53536","targetHints":{"allow":["GET"]}}],"collection":[{"href":"https:\/\/eldiariodesanpedro.com.ar\/sitio\/wp-json\/wp\/v2\/posts"}],"about":[{"href":"https:\/\/eldiariodesanpedro.com.ar\/sitio\/wp-json\/wp\/v2\/types\/post"}],"author":[{"embeddable":true,"href":"https:\/\/eldiariodesanpedro.com.ar\/sitio\/wp-json\/wp\/v2\/users\/4"}],"replies":[{"embeddable":true,"href":"https:\/\/eldiariodesanpedro.com.ar\/sitio\/wp-json\/wp\/v2\/comments?post=53536"}],"version-history":[{"count":2,"href":"https:\/\/eldiariodesanpedro.com.ar\/sitio\/wp-json\/wp\/v2\/posts\/53536\/revisions"}],"predecessor-version":[{"id":53540,"href":"https:\/\/eldiariodesanpedro.com.ar\/sitio\/wp-json\/wp\/v2\/posts\/53536\/revisions\/53540"}],"wp:featuredmedia":[{"embeddable":true,"href":"https:\/\/eldiariodesanpedro.com.ar\/sitio\/wp-json\/wp\/v2\/media\/47762"}],"wp:attachment":[{"href":"https:\/\/eldiariodesanpedro.com.ar\/sitio\/wp-json\/wp\/v2\/media?parent=53536"}],"wp:term":[{"taxonomy":"category","embeddable":true,"href":"https:\/\/eldiariodesanpedro.com.ar\/sitio\/wp-json\/wp\/v2\/categories?post=53536"},{"taxonomy":"post_tag","embeddable":true,"href":"https:\/\/eldiariodesanpedro.com.ar\/sitio\/wp-json\/wp\/v2\/tags?post=53536"}],"curies":[{"name":"wp","href":"https:\/\/api.w.org\/{rel}","templated":true}]}}