{"id":53531,"date":"2019-05-28T08:23:01","date_gmt":"2019-05-28T11:23:01","guid":{"rendered":"https:\/\/eldiariodesanpedro.com.ar\/sitio\/?p=53531"},"modified":"2019-05-28T08:23:08","modified_gmt":"2019-05-28T11:23:08","slug":"renovacion-del-certificado-pyme","status":"publish","type":"post","link":"https:\/\/eldiariodesanpedro.com.ar\/sitio\/renovacion-del-certificado-pyme\/","title":{"rendered":"Renovaci\u00f3n del Certificado PyME"},"content":{"rendered":"<!-- VideographyWP Plugin Message: Automatic video embedding prevented by plugin options. -->\n\n<p> La Secretar\u00eda de Desarrollo Econ\u00f3mico comunica\u00a0que vence el plazo para renovar el certificado PyME.\u00a0 <br><\/p>\n\n\n\n<p>El vencimiento rige para aquella aquellas empresas cuyo ejercicio fiscal haya cerrado en diciembre de 2018 o enero de 2019.\u00a0 Para mantener los beneficios del registro deber\u00e1n recategorizarse en el Registro PyME.<br><\/p>\n\n\n\n<p>Para las empresas cuyo ejercicio finaliz\u00f3 en diciembre de 2018 o enero de 2019, el certificado tendr\u00e1 vigencia hasta el 31 de mayo de 2019, debiendo recategorizarse dentro de este mes a fin de mantener su condici\u00f3n.Para\u00a0m\u00e1s\u00a0informaci\u00f3n\u00a0ingresar\u00a0en:\u00a0<a rel=\"noreferrer noopener\" href=\"https:\/\/pymes.afip.gob.ar\/estiloAFIP\/PYMES\/default.asp\" target=\"_blank\">https:\/\/pymes.afip.gob.ar\/estiloAFIP\/PYMES\/default.asp<\/a>\u00a0o dirigirse a Mitre 327, planta alta, llamar al 422058 o escribir a\u00a0<a rel=\"noreferrer noopener\" href=\"mailto:direccionproduccion@sanpedro.gob.ar\" target=\"_blank\">direccionproduccion@sanpedro.gob.ar<\/a><\/p>\n","protected":false},"excerpt":{"rendered":"<p>La Secretar\u00eda de Desarrollo Econ\u00f3mico comunica\u00a0que vence el plazo para renovar el certificado PyME.\u00a0 El vencimiento rige para aquella aquellas empresas cuyo ejercicio fiscal haya cerrado en diciembre de 2018 o enero de 2019.\u00a0 Para mantener los beneficios del registro deber\u00e1n recategorizarse en el Registro PyME. Para las empresas cuyo ejercicio finaliz\u00f3 en diciembre de [&hellip;]<\/p>\n","protected":false},"author":4,"featured_media":265,"comment_status":"open","ping_status":"closed","sticky":false,"template":"","format":"standard","meta":{"om_disable_all_campaigns":false,"_jetpack_memberships_contains_paid_content":false,"footnotes":""},"categories":[101,2],"tags":[],"class_list":["post-53531","post","type-post","status-publish","format-standard","has-post-thumbnail","hentry","category-interes-general-locales","category-locales"],"aioseo_notices":[],"gutentor_comment":0,"jetpack_featured_media_url":"https:\/\/eldiariodesanpedro.com.ar\/sitio\/wp-content\/uploads\/2015\/11\/Municipalidad-11.jpg","jetpack_shortlink":"https:\/\/wp.me\/p6RhLt-dVp","jetpack_sharing_enabled":true,"_links":{"self":[{"href":"https:\/\/eldiariodesanpedro.com.ar\/sitio\/wp-json\/wp\/v2\/posts\/53531","targetHints":{"allow":["GET"]}}],"collection":[{"href":"https:\/\/eldiariodesanpedro.com.ar\/sitio\/wp-json\/wp\/v2\/posts"}],"about":[{"href":"https:\/\/eldiariodesanpedro.com.ar\/sitio\/wp-json\/wp\/v2\/types\/post"}],"author":[{"embeddable":true,"href":"https:\/\/eldiariodesanpedro.com.ar\/sitio\/wp-json\/wp\/v2\/users\/4"}],"replies":[{"embeddable":true,"href":"https:\/\/eldiariodesanpedro.com.ar\/sitio\/wp-json\/wp\/v2\/comments?post=53531"}],"version-history":[{"count":1,"href":"https:\/\/eldiariodesanpedro.com.ar\/sitio\/wp-json\/wp\/v2\/posts\/53531\/revisions"}],"predecessor-version":[{"id":53532,"href":"https:\/\/eldiariodesanpedro.com.ar\/sitio\/wp-json\/wp\/v2\/posts\/53531\/revisions\/53532"}],"wp:featuredmedia":[{"embeddable":true,"href":"https:\/\/eldiariodesanpedro.com.ar\/sitio\/wp-json\/wp\/v2\/media\/265"}],"wp:attachment":[{"href":"https:\/\/eldiariodesanpedro.com.ar\/sitio\/wp-json\/wp\/v2\/media?parent=53531"}],"wp:term":[{"taxonomy":"category","embeddable":true,"href":"https:\/\/eldiariodesanpedro.com.ar\/sitio\/wp-json\/wp\/v2\/categories?post=53531"},{"taxonomy":"post_tag","embeddable":true,"href":"https:\/\/eldiariodesanpedro.com.ar\/sitio\/wp-json\/wp\/v2\/tags?post=53531"}],"curies":[{"name":"wp","href":"https:\/\/api.w.org\/{rel}","templated":true}]}}