{"id":53504,"date":"2019-05-27T19:39:13","date_gmt":"2019-05-27T22:39:13","guid":{"rendered":"https:\/\/eldiariodesanpedro.com.ar\/sitio\/?p=53504"},"modified":"2019-05-27T19:39:24","modified_gmt":"2019-05-27T22:39:24","slug":"reparacion-de-pavimentos-en-zona-centrica-iluminacion-y-extension-de-gas-desde-el-departamento-de-obras","status":"publish","type":"post","link":"https:\/\/eldiariodesanpedro.com.ar\/sitio\/reparacion-de-pavimentos-en-zona-centrica-iluminacion-y-extension-de-gas-desde-el-departamento-de-obras\/","title":{"rendered":"Reparaci\u00f3n de pavimentos en zona c\u00e9ntrica, iluminaci\u00f3n y extensi\u00f3n de gas desde el Departamento de Obras"},"content":{"rendered":"<!-- VideographyWP Plugin Message: Automatic video embedding prevented by plugin options. -->\n\n<p>\n\nEl Departamento de Obras de Coopser informa las novedades del sector que incluyen tareas de pr\u00f3xima ejecuci\u00f3n contratadas por la Municipalidad de San Pedro, enmarcadas en proyectos del Fondo de Obras P\u00fablicas Comunitarias o contratadas por particulares.&nbsp;<\/p>\n\n\n\n<p>Comienza esta semana una obra solicitada por la Municipalidad de San Pedro para la reparaci\u00f3n en el pavimento de hormig\u00f3n en Quiroga entre 25 de Mayo y Mitre (fotos), por lo que habr\u00e1 circulaci\u00f3n restringida mientras duren las tareas. Luego continuar\u00e1n en Arnaldo y Rivadavia, 3 de Febrero y Gomendio, y 3 de Febrero entre Salta y Pellegrini, con procedimientos similares.<\/p>\n\n\n\n<p>Adem\u00e1s, est\u00e1 a la firma el contrato para el entubado, cord\u00f3n cuneta, sumidero y c\u00e1maras de inspecci\u00f3n, en calles perimetrales al Jard\u00edn Banfield para erradicar el zanj\u00f3n que se encuentra sobre este per\u00edmetro, sobre calle Combate de Obligado y sobre calle Auli.&nbsp;&nbsp;Ya se firm\u00f3 el decreto municipal que declara de utilidad p\u00fablica y pago obligatorio, la obra de iluminaci\u00f3n en 25 de Mayo entre Petrona Simonino y Lucio Mansilla lo que activar\u00e1 el inicio de los trabajos en breve.<\/p>\n\n\n\n<p>Se entregaron a los vecinos los contratos para el inicio de la obra de cord\u00f3n cuneta en el Barrio \u00ab4 Robles\u00bb que comenzara una vez finalizados los pasos administrativos.<\/p>\n\n\n\n<p>Tambi\u00e9n se recopila la documentaci\u00f3n solicitada para presentar ante Litoral Gas y luego contar con la habilitaci\u00f3n correspondiente que permita el inicio de la obra de gas en Combate de Obligado entre Petrona Simonino y Lucio Mansilla. Aqu\u00ed se prepara una extensi\u00f3n de la red de gas de media presi\u00f3n de 150 m en ca\u00f1o de di\u00e1metro 63mm, con 15 familias conectadas. <\/p>\n\n\n\n<figure class=\"wp-block-image\"><img decoding=\"async\" width=\"1024\" height=\"498\" data-attachment-id=\"53506\" data-permalink=\"https:\/\/eldiariodesanpedro.com.ar\/sitio\/reparacion-de-pavimentos-en-zona-centrica-iluminacion-y-extension-de-gas-desde-el-departamento-de-obras\/bacheo2\/\" data-orig-file=\"https:\/\/eldiariodesanpedro.com.ar\/sitio\/wp-content\/uploads\/2019\/05\/bacheo2.jpg\" data-orig-size=\"1280,622\" data-comments-opened=\"1\" data-image-meta=\"{&quot;aperture&quot;:&quot;0&quot;,&quot;credit&quot;:&quot;&quot;,&quot;camera&quot;:&quot;&quot;,&quot;caption&quot;:&quot;&quot;,&quot;created_timestamp&quot;:&quot;0&quot;,&quot;copyright&quot;:&quot;&quot;,&quot;focal_length&quot;:&quot;0&quot;,&quot;iso&quot;:&quot;0&quot;,&quot;shutter_speed&quot;:&quot;0&quot;,&quot;title&quot;:&quot;&quot;,&quot;orientation&quot;:&quot;0&quot;}\" data-image-title=\"bacheo2\" data-image-description=\"\" data-image-caption=\"\" data-large-file=\"https:\/\/eldiariodesanpedro.com.ar\/sitio\/wp-content\/uploads\/2019\/05\/bacheo2-1024x498.jpg\" data-src=\"https:\/\/eldiariodesanpedro.com.ar\/sitio\/wp-content\/uploads\/2019\/05\/bacheo2-1024x498.jpg\" alt=\"\" class=\"wp-image-53506 lazyload\" data-srcset=\"https:\/\/eldiariodesanpedro.com.ar\/sitio\/wp-content\/uploads\/2019\/05\/bacheo2-1024x498.jpg 1024w, https:\/\/eldiariodesanpedro.com.ar\/sitio\/wp-content\/uploads\/2019\/05\/bacheo2-300x146.jpg 300w, https:\/\/eldiariodesanpedro.com.ar\/sitio\/wp-content\/uploads\/2019\/05\/bacheo2-768x373.jpg 768w, https:\/\/eldiariodesanpedro.com.ar\/sitio\/wp-content\/uploads\/2019\/05\/bacheo2.jpg 1280w\" data-sizes=\"(max-width: 1024px) 100vw, 1024px\" src=\"data:image\/svg+xml;base64,PHN2ZyB3aWR0aD0iMSIgaGVpZ2h0PSIxIiB4bWxucz0iaHR0cDovL3d3dy53My5vcmcvMjAwMC9zdmciPjwvc3ZnPg==\" style=\"--smush-placeholder-width: 1024px; --smush-placeholder-aspect-ratio: 1024\/498;\" \/><\/figure>\n","protected":false},"excerpt":{"rendered":"<p>El Departamento de Obras de Coopser informa las novedades del sector que incluyen tareas de pr\u00f3xima ejecuci\u00f3n contratadas por la Municipalidad de San Pedro, enmarcadas en proyectos del Fondo de Obras P\u00fablicas Comunitarias o contratadas por particulares.&nbsp; Comienza esta semana una obra solicitada por la Municipalidad de San Pedro para la reparaci\u00f3n en el pavimento [&hellip;]<\/p>\n","protected":false},"author":4,"featured_media":53505,"comment_status":"open","ping_status":"closed","sticky":false,"template":"","format":"standard","meta":{"om_disable_all_campaigns":false,"_jetpack_memberships_contains_paid_content":false,"footnotes":""},"categories":[101,2],"tags":[],"class_list":["post-53504","post","type-post","status-publish","format-standard","has-post-thumbnail","hentry","category-interes-general-locales","category-locales"],"aioseo_notices":[],"gutentor_comment":0,"jetpack_featured_media_url":"https:\/\/eldiariodesanpedro.com.ar\/sitio\/wp-content\/uploads\/2019\/05\/bacheo1.jpg","jetpack_shortlink":"https:\/\/wp.me\/p6RhLt-dUY","jetpack_sharing_enabled":true,"_links":{"self":[{"href":"https:\/\/eldiariodesanpedro.com.ar\/sitio\/wp-json\/wp\/v2\/posts\/53504","targetHints":{"allow":["GET"]}}],"collection":[{"href":"https:\/\/eldiariodesanpedro.com.ar\/sitio\/wp-json\/wp\/v2\/posts"}],"about":[{"href":"https:\/\/eldiariodesanpedro.com.ar\/sitio\/wp-json\/wp\/v2\/types\/post"}],"author":[{"embeddable":true,"href":"https:\/\/eldiariodesanpedro.com.ar\/sitio\/wp-json\/wp\/v2\/users\/4"}],"replies":[{"embeddable":true,"href":"https:\/\/eldiariodesanpedro.com.ar\/sitio\/wp-json\/wp\/v2\/comments?post=53504"}],"version-history":[{"count":1,"href":"https:\/\/eldiariodesanpedro.com.ar\/sitio\/wp-json\/wp\/v2\/posts\/53504\/revisions"}],"predecessor-version":[{"id":53507,"href":"https:\/\/eldiariodesanpedro.com.ar\/sitio\/wp-json\/wp\/v2\/posts\/53504\/revisions\/53507"}],"wp:featuredmedia":[{"embeddable":true,"href":"https:\/\/eldiariodesanpedro.com.ar\/sitio\/wp-json\/wp\/v2\/media\/53505"}],"wp:attachment":[{"href":"https:\/\/eldiariodesanpedro.com.ar\/sitio\/wp-json\/wp\/v2\/media?parent=53504"}],"wp:term":[{"taxonomy":"category","embeddable":true,"href":"https:\/\/eldiariodesanpedro.com.ar\/sitio\/wp-json\/wp\/v2\/categories?post=53504"},{"taxonomy":"post_tag","embeddable":true,"href":"https:\/\/eldiariodesanpedro.com.ar\/sitio\/wp-json\/wp\/v2\/tags?post=53504"}],"curies":[{"name":"wp","href":"https:\/\/api.w.org\/{rel}","templated":true}]}}