{"id":53501,"date":"2019-05-27T19:01:43","date_gmt":"2019-05-27T22:01:43","guid":{"rendered":"https:\/\/eldiariodesanpedro.com.ar\/sitio\/?p=53501"},"modified":"2019-05-27T19:01:55","modified_gmt":"2019-05-27T22:01:55","slug":"js-textil-nueva-audiencia-sin-arreglo","status":"publish","type":"post","link":"https:\/\/eldiariodesanpedro.com.ar\/sitio\/js-textil-nueva-audiencia-sin-arreglo\/","title":{"rendered":"J&#038;S TEXTIL: Nueva audiencia, sin arreglo"},"content":{"rendered":"<!-- VideographyWP Plugin Message: Automatic video embedding prevented by plugin options. -->\n\n<p>Este lunes volvieron a reunirse representantes de la firma, empleados, representantes gremiales y representantes de la empresa Cheeky de la cual son proveedores, pero no lograron resolver el conflicto.<\/p>\n\n\n\n<p>La reuni\u00f3n nuevamente no tuvo buenas noticias para los empleados de la empres J&amp;S Textil, dialogamos con Lara, representante gremial, quien nos contaba \u00abno se resolvi\u00f3 nada, pasamos a un cuarto intermedio hasta el martes 4 de junio, que es la pr\u00f3xima audiencia\u00bb<\/p>\n\n\n\n<p>Tristemente los trabajadores desde la semana pasada se encuentran realizando las tareas en dos turnos de tres horas cada uno, reducido en dos grupos de personas, a ra\u00edz de la fuerte ca\u00edda de venta que tiene la empresa.<\/p>\n\n\n\n<p>\u00abSeguimos trabajando de la misma manera hasta ese d\u00eda\u00bb agreg\u00f3, \u00abla empresa solo ofreci\u00f3 un 40 % de las 60 horas ca\u00eddas del mes de mayo, se decidi\u00f3 en asamblea no aceptar esa propuesta hasta que haya una contrapropuesta m\u00e1s favorable para los trabajadores, es por eso que pasamos a un cuarto intermedio hasta el pr\u00f3ximo martes para  ver que ofrecen. Antes de cobrar los sueldos debemos resolver esta situaci\u00f3n\u00bb, culmino. <\/p>\n\n\n\n<p>De la reuni\u00f3n en la Delegaci\u00f3n Local del Ministerio de Trabajo se reunieron los representantes de la empresa proveedora Cheeky,  Jorge lacaria, el abogado de la empresa J&amp;S, German Verdon, y representantes gremiales, SETIA y SUTIV. <\/p>\n\n\n\n<p><\/p>\n\n\n\n<p> <br><\/p>\n","protected":false},"excerpt":{"rendered":"<p>Este lunes volvieron a reunirse representantes de la firma, empleados, representantes gremiales y representantes de la empresa Cheeky de la cual son proveedores, pero no lograron resolver el conflicto. La reuni\u00f3n nuevamente no tuvo buenas noticias para los empleados de la empres J&amp;S Textil, dialogamos con Lara, representante gremial, quien nos contaba \u00abno se resolvi\u00f3 [&hellip;]<\/p>\n","protected":false},"author":4,"featured_media":53502,"comment_status":"open","ping_status":"closed","sticky":false,"template":"","format":"standard","meta":{"om_disable_all_campaigns":false,"_jetpack_memberships_contains_paid_content":false,"footnotes":""},"categories":[50,101,2],"tags":[],"class_list":["post-53501","post","type-post","status-publish","format-standard","has-post-thumbnail","hentry","category-destacadas","category-interes-general-locales","category-locales"],"aioseo_notices":[],"gutentor_comment":0,"jetpack_featured_media_url":"https:\/\/eldiariodesanpedro.com.ar\/sitio\/wp-content\/uploads\/2019\/05\/textil-JS.jpg","jetpack_shortlink":"https:\/\/wp.me\/p6RhLt-dUV","jetpack_sharing_enabled":true,"_links":{"self":[{"href":"https:\/\/eldiariodesanpedro.com.ar\/sitio\/wp-json\/wp\/v2\/posts\/53501","targetHints":{"allow":["GET"]}}],"collection":[{"href":"https:\/\/eldiariodesanpedro.com.ar\/sitio\/wp-json\/wp\/v2\/posts"}],"about":[{"href":"https:\/\/eldiariodesanpedro.com.ar\/sitio\/wp-json\/wp\/v2\/types\/post"}],"author":[{"embeddable":true,"href":"https:\/\/eldiariodesanpedro.com.ar\/sitio\/wp-json\/wp\/v2\/users\/4"}],"replies":[{"embeddable":true,"href":"https:\/\/eldiariodesanpedro.com.ar\/sitio\/wp-json\/wp\/v2\/comments?post=53501"}],"version-history":[{"count":1,"href":"https:\/\/eldiariodesanpedro.com.ar\/sitio\/wp-json\/wp\/v2\/posts\/53501\/revisions"}],"predecessor-version":[{"id":53503,"href":"https:\/\/eldiariodesanpedro.com.ar\/sitio\/wp-json\/wp\/v2\/posts\/53501\/revisions\/53503"}],"wp:featuredmedia":[{"embeddable":true,"href":"https:\/\/eldiariodesanpedro.com.ar\/sitio\/wp-json\/wp\/v2\/media\/53502"}],"wp:attachment":[{"href":"https:\/\/eldiariodesanpedro.com.ar\/sitio\/wp-json\/wp\/v2\/media?parent=53501"}],"wp:term":[{"taxonomy":"category","embeddable":true,"href":"https:\/\/eldiariodesanpedro.com.ar\/sitio\/wp-json\/wp\/v2\/categories?post=53501"},{"taxonomy":"post_tag","embeddable":true,"href":"https:\/\/eldiariodesanpedro.com.ar\/sitio\/wp-json\/wp\/v2\/tags?post=53501"}],"curies":[{"name":"wp","href":"https:\/\/api.w.org\/{rel}","templated":true}]}}