{"id":53489,"date":"2019-05-27T17:05:51","date_gmt":"2019-05-27T20:05:51","guid":{"rendered":"https:\/\/eldiariodesanpedro.com.ar\/sitio\/?p=53489"},"modified":"2019-05-27T17:06:04","modified_gmt":"2019-05-27T20:06:04","slug":"un-fosil-de-mastodonte-para-el-museo","status":"publish","type":"post","link":"https:\/\/eldiariodesanpedro.com.ar\/sitio\/un-fosil-de-mastodonte-para-el-museo\/","title":{"rendered":"Un f\u00f3sil de mastodonte para el museo"},"content":{"rendered":"<!-- VideographyWP Plugin Message: Automatic video embedding prevented by plugin options. -->\n\n<p>Parte de un \u201ccolmillo\u201d o defensa de un mastodonte fue cedida por el Sr. Alfredo Cuels a la colecci\u00f3n del Museo Paleontol\u00f3gico de San Pedro.<br> La pieza, un fragmento de unos 22 cent\u00edmetros de longitud y unos 15 cent\u00edmetros de di\u00e1metro, form\u00f3 parte de una de las defensas de un ejemplar de Stegomastodon platensis (o Notiomastodon para algunos autores) que habit\u00f3 en la zona de Vuelta de Obligado, ya que el f\u00f3sil fue extra\u00eddo en una cantera cercana a la localidad.<br>Hace varios a\u00f1os atr\u00e1s, Alfredo Cuels trabajaba en una cantera que se encuentra ubicada en el camino de tierra que lleva al castillo de la familia Obligado. En ese lugar, oportunamente explotado por la Empresa Eligio Biscia, observ\u00f3 la pieza fosilizada y la mantuvo durante a\u00f1os en su casa, hasta que decidi\u00f3 acercarla al Museo Paleontol\u00f3gico para su conservaci\u00f3n y puesta en valor.  <\/p>\n\n\n\n<p><strong>Qui\u00e9nes fueron los mastodontes?<\/strong><br>El grupo de los Probosc\u00eddeos, al cual pertenecieron los mastodontes sudamericanos, se origin\u00f3 en el Norte africano durante el Eoceno, para luego dispersarse por Eurasia y, m\u00e1s tarde, por Am\u00e9rica.<br>Arribados a nuestra zona vieron favorecido su desarrollo al encontrarse con amplias zonas abiertas, abundantes pasturas y cuerpos de agua.<br> Mientras que otras especies colonizaron los Andes y la regi\u00f3n sur de Brasil, Stegomastodon platensis habit\u00f3 la llanura pampeana durante el Pleistoceno medio a tard\u00edo.<br> Estos animales, parientes prehist\u00f3ricos de los elefantes actuales, pose\u00edan defensas largas, sin esmalte en los adultos, curvadas en los machos y m\u00e1s rectas en las hembras.<\/p>\n\n\n\n<p>Desde el equipo del Museo Paleontol\u00f3gico se agradece al Sr. Alfredo Cuels por haber acercado el material f\u00f3sil, ya que de esa forma se contribuye al crecimiento del patrimonio paleontol\u00f3gico de San Pedro.<\/p>\n\n\n\n<figure class=\"wp-block-image\"><img decoding=\"async\" width=\"745\" height=\"1024\" data-attachment-id=\"53491\" data-permalink=\"https:\/\/eldiariodesanpedro.com.ar\/sitio\/un-fosil-de-mastodonte-para-el-museo\/img_20190527_153225_788\/\" data-orig-file=\"https:\/\/eldiariodesanpedro.com.ar\/sitio\/wp-content\/uploads\/2019\/05\/IMG_20190527_153225_788.jpg\" data-orig-size=\"2160,2968\" data-comments-opened=\"1\" data-image-meta=\"{&quot;aperture&quot;:&quot;2&quot;,&quot;credit&quot;:&quot;&quot;,&quot;camera&quot;:&quot;LG-X230&quot;,&quot;caption&quot;:&quot;&quot;,&quot;created_timestamp&quot;:&quot;1558971127&quot;,&quot;copyright&quot;:&quot;&quot;,&quot;focal_length&quot;:&quot;3.5&quot;,&quot;iso&quot;:&quot;725&quot;,&quot;shutter_speed&quot;:&quot;0.100006&quot;,&quot;title&quot;:&quot;&quot;,&quot;orientation&quot;:&quot;1&quot;}\" data-image-title=\"IMG_20190527_153225_788\" data-image-description=\"\" data-image-caption=\"\" data-large-file=\"https:\/\/eldiariodesanpedro.com.ar\/sitio\/wp-content\/uploads\/2019\/05\/IMG_20190527_153225_788-745x1024.jpg\" data-src=\"https:\/\/eldiariodesanpedro.com.ar\/sitio\/wp-content\/uploads\/2019\/05\/IMG_20190527_153225_788-745x1024.jpg\" alt=\"\" class=\"wp-image-53491 lazyload\" data-srcset=\"https:\/\/eldiariodesanpedro.com.ar\/sitio\/wp-content\/uploads\/2019\/05\/IMG_20190527_153225_788-745x1024.jpg 745w, https:\/\/eldiariodesanpedro.com.ar\/sitio\/wp-content\/uploads\/2019\/05\/IMG_20190527_153225_788-218x300.jpg 218w, https:\/\/eldiariodesanpedro.com.ar\/sitio\/wp-content\/uploads\/2019\/05\/IMG_20190527_153225_788-768x1055.jpg 768w\" data-sizes=\"(max-width: 745px) 100vw, 745px\" src=\"data:image\/svg+xml;base64,PHN2ZyB3aWR0aD0iMSIgaGVpZ2h0PSIxIiB4bWxucz0iaHR0cDovL3d3dy53My5vcmcvMjAwMC9zdmciPjwvc3ZnPg==\" style=\"--smush-placeholder-width: 745px; --smush-placeholder-aspect-ratio: 745\/1024;\" \/><\/figure>\n","protected":false},"excerpt":{"rendered":"<p>Parte de un \u201ccolmillo\u201d o defensa de un mastodonte fue cedida por el Sr. Alfredo Cuels a la colecci\u00f3n del Museo Paleontol\u00f3gico de San Pedro. La pieza, un fragmento de unos 22 cent\u00edmetros de longitud y unos 15 cent\u00edmetros de di\u00e1metro, form\u00f3 parte de una de las defensas de un ejemplar de Stegomastodon platensis (o [&hellip;]<\/p>\n","protected":false},"author":4,"featured_media":53490,"comment_status":"open","ping_status":"closed","sticky":false,"template":"","format":"standard","meta":{"om_disable_all_campaigns":false,"_jetpack_memberships_contains_paid_content":false,"footnotes":""},"categories":[50,101,2],"tags":[],"class_list":["post-53489","post","type-post","status-publish","format-standard","has-post-thumbnail","hentry","category-destacadas","category-interes-general-locales","category-locales"],"aioseo_notices":[],"gutentor_comment":0,"jetpack_featured_media_url":"https:\/\/eldiariodesanpedro.com.ar\/sitio\/wp-content\/uploads\/2019\/05\/Mastodonte-esqueleto-parte-hallada.jpg","jetpack_shortlink":"https:\/\/wp.me\/p6RhLt-dUJ","jetpack_sharing_enabled":true,"_links":{"self":[{"href":"https:\/\/eldiariodesanpedro.com.ar\/sitio\/wp-json\/wp\/v2\/posts\/53489","targetHints":{"allow":["GET"]}}],"collection":[{"href":"https:\/\/eldiariodesanpedro.com.ar\/sitio\/wp-json\/wp\/v2\/posts"}],"about":[{"href":"https:\/\/eldiariodesanpedro.com.ar\/sitio\/wp-json\/wp\/v2\/types\/post"}],"author":[{"embeddable":true,"href":"https:\/\/eldiariodesanpedro.com.ar\/sitio\/wp-json\/wp\/v2\/users\/4"}],"replies":[{"embeddable":true,"href":"https:\/\/eldiariodesanpedro.com.ar\/sitio\/wp-json\/wp\/v2\/comments?post=53489"}],"version-history":[{"count":1,"href":"https:\/\/eldiariodesanpedro.com.ar\/sitio\/wp-json\/wp\/v2\/posts\/53489\/revisions"}],"predecessor-version":[{"id":53492,"href":"https:\/\/eldiariodesanpedro.com.ar\/sitio\/wp-json\/wp\/v2\/posts\/53489\/revisions\/53492"}],"wp:featuredmedia":[{"embeddable":true,"href":"https:\/\/eldiariodesanpedro.com.ar\/sitio\/wp-json\/wp\/v2\/media\/53490"}],"wp:attachment":[{"href":"https:\/\/eldiariodesanpedro.com.ar\/sitio\/wp-json\/wp\/v2\/media?parent=53489"}],"wp:term":[{"taxonomy":"category","embeddable":true,"href":"https:\/\/eldiariodesanpedro.com.ar\/sitio\/wp-json\/wp\/v2\/categories?post=53489"},{"taxonomy":"post_tag","embeddable":true,"href":"https:\/\/eldiariodesanpedro.com.ar\/sitio\/wp-json\/wp\/v2\/tags?post=53489"}],"curies":[{"name":"wp","href":"https:\/\/api.w.org\/{rel}","templated":true}]}}