{"id":53487,"date":"2019-05-27T12:46:55","date_gmt":"2019-05-27T15:46:55","guid":{"rendered":"https:\/\/eldiariodesanpedro.com.ar\/sitio\/?p=53487"},"modified":"2019-05-27T12:47:02","modified_gmt":"2019-05-27T15:47:02","slug":"anses-adelanta-los-pagos-previstos-para-el-miercoles-29-de-mayo","status":"publish","type":"post","link":"https:\/\/eldiariodesanpedro.com.ar\/sitio\/anses-adelanta-los-pagos-previstos-para-el-miercoles-29-de-mayo\/","title":{"rendered":"ANSES adelanta los pagos previstos para el mi\u00e9rcoles 29 de mayo"},"content":{"rendered":"<!-- VideographyWP Plugin Message: Automatic video embedding prevented by plugin options. -->\n\n<p>Ante la medida de fuerza gremial anunciada para el pr\u00f3ximo mi\u00e9rcoles 29, ANSES informa que los jubilados y pensionados que ten\u00edan asignada esa fecha de pago&nbsp;<strong>tendr\u00e1n depositados sus haberes el martes 28<\/strong>, conjuntamente con aquellos que ya ten\u00edan previsto percibirlos en esa fecha.&nbsp;<\/p>\n\n\n\n<p>Entonces, los jubilados y pensionados cuyo haber mensual supera la suma de $11.832 y sus documentos terminan en 6, 7, 8 y 9 cobrar\u00e1n el pr\u00f3ximo martes.&nbsp;<\/p>\n","protected":false},"excerpt":{"rendered":"<p>Ante la medida de fuerza gremial anunciada para el pr\u00f3ximo mi\u00e9rcoles 29, ANSES informa que los jubilados y pensionados que ten\u00edan asignada esa fecha de pago&nbsp;tendr\u00e1n depositados sus haberes el martes 28, conjuntamente con aquellos que ya ten\u00edan previsto percibirlos en esa fecha.&nbsp; Entonces, los jubilados y pensionados cuyo haber mensual supera la suma de [&hellip;]<\/p>\n","protected":false},"author":4,"featured_media":3452,"comment_status":"open","ping_status":"closed","sticky":false,"template":"","format":"standard","meta":{"om_disable_all_campaigns":false,"_jetpack_memberships_contains_paid_content":false,"footnotes":""},"categories":[101,2],"tags":[],"class_list":["post-53487","post","type-post","status-publish","format-standard","has-post-thumbnail","hentry","category-interes-general-locales","category-locales"],"aioseo_notices":[],"gutentor_comment":0,"jetpack_featured_media_url":"https:\/\/eldiariodesanpedro.com.ar\/sitio\/wp-content\/uploads\/2016\/04\/23185_anses.jpg","jetpack_shortlink":"https:\/\/wp.me\/p6RhLt-dUH","jetpack_sharing_enabled":true,"_links":{"self":[{"href":"https:\/\/eldiariodesanpedro.com.ar\/sitio\/wp-json\/wp\/v2\/posts\/53487","targetHints":{"allow":["GET"]}}],"collection":[{"href":"https:\/\/eldiariodesanpedro.com.ar\/sitio\/wp-json\/wp\/v2\/posts"}],"about":[{"href":"https:\/\/eldiariodesanpedro.com.ar\/sitio\/wp-json\/wp\/v2\/types\/post"}],"author":[{"embeddable":true,"href":"https:\/\/eldiariodesanpedro.com.ar\/sitio\/wp-json\/wp\/v2\/users\/4"}],"replies":[{"embeddable":true,"href":"https:\/\/eldiariodesanpedro.com.ar\/sitio\/wp-json\/wp\/v2\/comments?post=53487"}],"version-history":[{"count":1,"href":"https:\/\/eldiariodesanpedro.com.ar\/sitio\/wp-json\/wp\/v2\/posts\/53487\/revisions"}],"predecessor-version":[{"id":53488,"href":"https:\/\/eldiariodesanpedro.com.ar\/sitio\/wp-json\/wp\/v2\/posts\/53487\/revisions\/53488"}],"wp:featuredmedia":[{"embeddable":true,"href":"https:\/\/eldiariodesanpedro.com.ar\/sitio\/wp-json\/wp\/v2\/media\/3452"}],"wp:attachment":[{"href":"https:\/\/eldiariodesanpedro.com.ar\/sitio\/wp-json\/wp\/v2\/media?parent=53487"}],"wp:term":[{"taxonomy":"category","embeddable":true,"href":"https:\/\/eldiariodesanpedro.com.ar\/sitio\/wp-json\/wp\/v2\/categories?post=53487"},{"taxonomy":"post_tag","embeddable":true,"href":"https:\/\/eldiariodesanpedro.com.ar\/sitio\/wp-json\/wp\/v2\/tags?post=53487"}],"curies":[{"name":"wp","href":"https:\/\/api.w.org\/{rel}","templated":true}]}}