{"id":53470,"date":"2019-05-27T09:51:26","date_gmt":"2019-05-27T12:51:26","guid":{"rendered":"https:\/\/eldiariodesanpedro.com.ar\/sitio\/?p=53470"},"modified":"2019-05-27T09:51:33","modified_gmt":"2019-05-27T12:51:33","slug":"accidente-impactaron-contra-un-poste-de-luz","status":"publish","type":"post","link":"https:\/\/eldiariodesanpedro.com.ar\/sitio\/accidente-impactaron-contra-un-poste-de-luz\/","title":{"rendered":"Accidente: Impactaron contra un poste de luz"},"content":{"rendered":"<!-- VideographyWP Plugin Message: Automatic video embedding prevented by plugin options. -->\n\n<p>El siniestro sucedi\u00f3 este lunes por la madrugada. Por causas que se tratan de establecer un autom\u00f3vil Ford Ka perdi\u00f3 el control e impacto contra un poste de luz.<\/p>\n\n\n\n<p>El autom\u00f3vil era conducido por un joven de 21 a\u00f1os de edad, acompa\u00f1ado por una femenina de 20.<\/p>\n\n\n\n<p>Al llegar a intersecci\u00f3n de las calles Balcarce y Miguel Porta, impactan contra el poste de luz.<\/p>\n\n\n\n<p>Ambos resultaron con lesiones leves. Toma conocimiento la UFI N\u00ba 11.<\/p>\n","protected":false},"excerpt":{"rendered":"<p>El siniestro sucedi\u00f3 este lunes por la madrugada. Por causas que se tratan de establecer un autom\u00f3vil Ford Ka perdi\u00f3 el control e impacto contra un poste de luz. El autom\u00f3vil era conducido por un joven de 21 a\u00f1os de edad, acompa\u00f1ado por una femenina de 20. Al llegar a intersecci\u00f3n de las calles Balcarce [&hellip;]<\/p>\n","protected":false},"author":4,"featured_media":27202,"comment_status":"open","ping_status":"closed","sticky":false,"template":"","format":"standard","meta":{"om_disable_all_campaigns":false,"_jetpack_memberships_contains_paid_content":false,"footnotes":""},"categories":[2,103],"tags":[],"class_list":["post-53470","post","type-post","status-publish","format-standard","has-post-thumbnail","hentry","category-locales","category-policiales-locales"],"aioseo_notices":[],"gutentor_comment":0,"jetpack_featured_media_url":"https:\/\/eldiariodesanpedro.com.ar\/sitio\/wp-content\/uploads\/2017\/12\/ambulancia-same-provincia.jpg","jetpack_shortlink":"https:\/\/wp.me\/p6RhLt-dUq","jetpack_sharing_enabled":true,"_links":{"self":[{"href":"https:\/\/eldiariodesanpedro.com.ar\/sitio\/wp-json\/wp\/v2\/posts\/53470","targetHints":{"allow":["GET"]}}],"collection":[{"href":"https:\/\/eldiariodesanpedro.com.ar\/sitio\/wp-json\/wp\/v2\/posts"}],"about":[{"href":"https:\/\/eldiariodesanpedro.com.ar\/sitio\/wp-json\/wp\/v2\/types\/post"}],"author":[{"embeddable":true,"href":"https:\/\/eldiariodesanpedro.com.ar\/sitio\/wp-json\/wp\/v2\/users\/4"}],"replies":[{"embeddable":true,"href":"https:\/\/eldiariodesanpedro.com.ar\/sitio\/wp-json\/wp\/v2\/comments?post=53470"}],"version-history":[{"count":1,"href":"https:\/\/eldiariodesanpedro.com.ar\/sitio\/wp-json\/wp\/v2\/posts\/53470\/revisions"}],"predecessor-version":[{"id":53471,"href":"https:\/\/eldiariodesanpedro.com.ar\/sitio\/wp-json\/wp\/v2\/posts\/53470\/revisions\/53471"}],"wp:featuredmedia":[{"embeddable":true,"href":"https:\/\/eldiariodesanpedro.com.ar\/sitio\/wp-json\/wp\/v2\/media\/27202"}],"wp:attachment":[{"href":"https:\/\/eldiariodesanpedro.com.ar\/sitio\/wp-json\/wp\/v2\/media?parent=53470"}],"wp:term":[{"taxonomy":"category","embeddable":true,"href":"https:\/\/eldiariodesanpedro.com.ar\/sitio\/wp-json\/wp\/v2\/categories?post=53470"},{"taxonomy":"post_tag","embeddable":true,"href":"https:\/\/eldiariodesanpedro.com.ar\/sitio\/wp-json\/wp\/v2\/tags?post=53470"}],"curies":[{"name":"wp","href":"https:\/\/api.w.org\/{rel}","templated":true}]}}