{"id":53466,"date":"2019-05-27T09:39:54","date_gmt":"2019-05-27T12:39:54","guid":{"rendered":"https:\/\/eldiariodesanpedro.com.ar\/sitio\/?p=53466"},"modified":"2019-05-27T09:40:03","modified_gmt":"2019-05-27T12:40:03","slug":"campana-abella-presento-en-la-justicia-nuevas-denuncias-por-venta-minorista-de-drogas","status":"publish","type":"post","link":"https:\/\/eldiariodesanpedro.com.ar\/sitio\/campana-abella-presento-en-la-justicia-nuevas-denuncias-por-venta-minorista-de-drogas\/","title":{"rendered":"CAMPANA: Abella present\u00f3 en la Justicia nuevas denuncias por venta minorista de drogas"},"content":{"rendered":"<!-- VideographyWP Plugin Message: Automatic video embedding prevented by plugin options. -->\n\n<p> El intendente Sebasti\u00e1n Abella firm\u00f3 un documento que fue entregado en la Fiscal\u00eda General a los efectos de aportar datos y pruebas que permitan esclarecer investigaciones sobre dicha modalidad delictiva, El Municipio lleva m\u00e1s de 320 denuncias presentadas<\/p>\n\n\n\n<p>El intendente de Campana Sebasti\u00e1n Abella present\u00f3 a la Justicia 22 nuevas denuncias por venta minoritaria de drogas que los vecinos realizaron an\u00f3nimamente a trav\u00e9s de los buzones Vida ubicados en la CUCEI, el Hospital San Jos\u00e9, la Catedral Santa Florentina y el Palacio Municipal.<\/p>\n\n\n\n<p>El jefe comunal, acompa\u00f1ado por el secretario de Seguridad y Prevenci\u00f3n Ciudadana del Municipio, Abel Milano, firm\u00f3 un documento que fue entregado en la Fiscal\u00eda General a los efectos de aportar datos y pruebas que permitan esclarecer investigaciones sobre dicha modalidad delictiva.<\/p>\n\n\n\n<p>Como parte de un compromiso asumido por el intendente Abella con la finalidad de erradicar el narcotr\u00e1fico de la ciudad, ya se presentaron m\u00e1s de 320 denuncias ante la Justicia.<\/p>\n\n\n\n<p>\u201cEs muy importante que los vecinos sigan confiando en el Buz\u00f3n Vida para poder darle a la Justicia m\u00e1s datos certeros y herramientas de la venta minoritaria de droga para que se investigue, y as\u00ed poder erradicarla de Campana\u201d, enfatiz\u00f3 el Intendente.<\/p>\n\n\n\n<p>Adem\u00e1s, el jefe comunal consider\u00f3 como \u201cfundamentales\u201d las c\u00e1maras de seguridad del Centro Integral de Monitoreo P\u00fablico Urbano (CIMoPU) para reforzar la informaci\u00f3n brindada.<\/p>\n\n\n\n<p>Siguiendo con esta l\u00ednea, el jefe comunal inst\u00f3 a los vecinos que saben d\u00f3nde se comercializa la droga que lo vuelquen en un papel y lo depositen en un Buz\u00f3n Vida con la mayor cantidad de datos posibles, ya sea apodos, tel\u00e9fonos, patentes, fotos, con nombres y horarios que se practican la venta.<\/p>\n\n\n\n<p>En tanto que, Milano manifest\u00f3 que \u201cel Buz\u00f3n Vida es una excelente herramienta para que los vecinos puedan de manera segura hacer saber a la Justicia, con intervenci\u00f3n del Municipio, los nuevos puntos de venta de estupefacientes\u201d.<\/p>\n\n\n\n<p>Fuente:\u00a0Zona Norte Diario<\/p>\n","protected":false},"excerpt":{"rendered":"<p>El intendente Sebasti\u00e1n Abella firm\u00f3 un documento que fue entregado en la Fiscal\u00eda General a los efectos de aportar datos y pruebas que permitan esclarecer investigaciones sobre dicha modalidad delictiva, El Municipio lleva m\u00e1s de 320 denuncias presentadas El intendente de Campana Sebasti\u00e1n Abella present\u00f3 a la Justicia 22 nuevas denuncias por venta minoritaria de [&hellip;]<\/p>\n","protected":false},"author":4,"featured_media":53467,"comment_status":"open","ping_status":"closed","sticky":false,"template":"","format":"standard","meta":{"om_disable_all_campaigns":false,"_jetpack_memberships_contains_paid_content":false,"footnotes":""},"categories":[621],"tags":[],"class_list":["post-53466","post","type-post","status-publish","format-standard","has-post-thumbnail","hentry","category-regionales"],"aioseo_notices":[],"gutentor_comment":0,"jetpack_featured_media_url":"https:\/\/eldiariodesanpedro.com.ar\/sitio\/wp-content\/uploads\/2019\/05\/abella_6.jpg","jetpack_shortlink":"https:\/\/wp.me\/p6RhLt-dUm","jetpack_sharing_enabled":true,"_links":{"self":[{"href":"https:\/\/eldiariodesanpedro.com.ar\/sitio\/wp-json\/wp\/v2\/posts\/53466","targetHints":{"allow":["GET"]}}],"collection":[{"href":"https:\/\/eldiariodesanpedro.com.ar\/sitio\/wp-json\/wp\/v2\/posts"}],"about":[{"href":"https:\/\/eldiariodesanpedro.com.ar\/sitio\/wp-json\/wp\/v2\/types\/post"}],"author":[{"embeddable":true,"href":"https:\/\/eldiariodesanpedro.com.ar\/sitio\/wp-json\/wp\/v2\/users\/4"}],"replies":[{"embeddable":true,"href":"https:\/\/eldiariodesanpedro.com.ar\/sitio\/wp-json\/wp\/v2\/comments?post=53466"}],"version-history":[{"count":1,"href":"https:\/\/eldiariodesanpedro.com.ar\/sitio\/wp-json\/wp\/v2\/posts\/53466\/revisions"}],"predecessor-version":[{"id":53468,"href":"https:\/\/eldiariodesanpedro.com.ar\/sitio\/wp-json\/wp\/v2\/posts\/53466\/revisions\/53468"}],"wp:featuredmedia":[{"embeddable":true,"href":"https:\/\/eldiariodesanpedro.com.ar\/sitio\/wp-json\/wp\/v2\/media\/53467"}],"wp:attachment":[{"href":"https:\/\/eldiariodesanpedro.com.ar\/sitio\/wp-json\/wp\/v2\/media?parent=53466"}],"wp:term":[{"taxonomy":"category","embeddable":true,"href":"https:\/\/eldiariodesanpedro.com.ar\/sitio\/wp-json\/wp\/v2\/categories?post=53466"},{"taxonomy":"post_tag","embeddable":true,"href":"https:\/\/eldiariodesanpedro.com.ar\/sitio\/wp-json\/wp\/v2\/tags?post=53466"}],"curies":[{"name":"wp","href":"https:\/\/api.w.org\/{rel}","templated":true}]}}