{"id":53457,"date":"2019-05-27T09:31:30","date_gmt":"2019-05-27T12:31:30","guid":{"rendered":"https:\/\/eldiariodesanpedro.com.ar\/sitio\/?p=53457"},"modified":"2019-05-27T09:31:41","modified_gmt":"2019-05-27T12:31:41","slug":"campana-media-docena-de-autos-involucrados-en-un-choque-de-madrugada","status":"publish","type":"post","link":"https:\/\/eldiariodesanpedro.com.ar\/sitio\/campana-media-docena-de-autos-involucrados-en-un-choque-de-madrugada\/","title":{"rendered":"CAMPANA: Media docena de autos involucrados en un choque de madrugada"},"content":{"rendered":"<!-- VideographyWP Plugin Message: Automatic video embedding prevented by plugin options. -->\n\n<p>Ocurri\u00f3 en Av. Mitre y Paso. Dos autos colisionaron, pero salieron despedidos e impactaron a otros autos estacionados. Da\u00f1os m\u00faltiples en los rodados, y dos mujeres fueron asistidas por el Same con lesiones varias.<\/p>\n\n\n\n<p>Cerca de las 3.30 hs de esta madrugada, la esquina de Av. Mitre y Paso se convirti\u00f3 en una verdadera pista de \u201cautitos chocadores\u201d, tras un accidente que involucr\u00f3 a un total de seis veh\u00edculos. Y dej\u00f3 el saldo de dos heridas.<\/p>\n\n\n\n<p>Seg\u00fan versiones, un Volkswagen Scirocco impact\u00f3 a un Volkswagen Vento en dicha esquina. El Vento realiz\u00f3 un trompo y sali\u00f3 despedido, hasta chocar violentamente contra una camioneta Citro\u00ebn Berlingo que se encontraba estacionada, y que termina quedando sobre el cantero de la avenida. Luego, el VW golpea a un Volkswagen Gol, haciendo que \u00e9ste \u00faltimo se desplace hacia adelante y colisione a un Ford Fiesta.<\/p>\n\n\n\n<p>Suerte similar la del Scirocco. En su raid alocado, colisiona con una camioneta Fiat Strada que tambi\u00e9n estaba estacionada.&nbsp;<\/p>\n\n\n\n<p>Dos mujeres que iban en el Volkswagen Vento resultaron con lesiones varias, y tras ser asistidas fueron trasladadas por dos m\u00f3viles del Same al hospital local.&nbsp;<\/p>\n\n\n\n<p>En el lugar se hicieron presentes los m\u00f3viles zona 2 y zona 4 del CP.<\/p>\n\n\n\n<p>Fuente: Campana Noticias<\/p>\n\n\n\n<figure class=\"wp-block-image\"><img decoding=\"async\" width=\"470\" height=\"264\" data-attachment-id=\"53459\" data-permalink=\"https:\/\/eldiariodesanpedro.com.ar\/sitio\/campana-media-docena-de-autos-involucrados-en-un-choque-de-madrugada\/attachment\/20190526071830\/\" data-orig-file=\"https:\/\/eldiariodesanpedro.com.ar\/sitio\/wp-content\/uploads\/2019\/05\/20190526071830.jpg\" data-orig-size=\"470,264\" data-comments-opened=\"1\" data-image-meta=\"{&quot;aperture&quot;:&quot;0&quot;,&quot;credit&quot;:&quot;&quot;,&quot;camera&quot;:&quot;&quot;,&quot;caption&quot;:&quot;&quot;,&quot;created_timestamp&quot;:&quot;0&quot;,&quot;copyright&quot;:&quot;&quot;,&quot;focal_length&quot;:&quot;0&quot;,&quot;iso&quot;:&quot;0&quot;,&quot;shutter_speed&quot;:&quot;0&quot;,&quot;title&quot;:&quot;&quot;,&quot;orientation&quot;:&quot;0&quot;}\" data-image-title=\"20190526071830\" data-image-description=\"\" data-image-caption=\"\" data-large-file=\"https:\/\/eldiariodesanpedro.com.ar\/sitio\/wp-content\/uploads\/2019\/05\/20190526071830.jpg\" data-src=\"https:\/\/eldiariodesanpedro.com.ar\/sitio\/wp-content\/uploads\/2019\/05\/20190526071830.jpg\" alt=\"\" class=\"wp-image-53459 lazyload\" data-srcset=\"https:\/\/eldiariodesanpedro.com.ar\/sitio\/wp-content\/uploads\/2019\/05\/20190526071830.jpg 470w, https:\/\/eldiariodesanpedro.com.ar\/sitio\/wp-content\/uploads\/2019\/05\/20190526071830-300x169.jpg 300w\" data-sizes=\"(max-width: 470px) 100vw, 470px\" src=\"data:image\/svg+xml;base64,PHN2ZyB3aWR0aD0iMSIgaGVpZ2h0PSIxIiB4bWxucz0iaHR0cDovL3d3dy53My5vcmcvMjAwMC9zdmciPjwvc3ZnPg==\" style=\"--smush-placeholder-width: 470px; --smush-placeholder-aspect-ratio: 470\/264;\" \/><\/figure>\n\n\n\n<figure class=\"wp-block-image\"><img decoding=\"async\" width=\"470\" height=\"353\" data-attachment-id=\"53460\" data-permalink=\"https:\/\/eldiariodesanpedro.com.ar\/sitio\/campana-media-docena-de-autos-involucrados-en-un-choque-de-madrugada\/attachment\/20190526071942\/\" data-orig-file=\"https:\/\/eldiariodesanpedro.com.ar\/sitio\/wp-content\/uploads\/2019\/05\/20190526071942.jpg\" data-orig-size=\"470,353\" data-comments-opened=\"1\" data-image-meta=\"{&quot;aperture&quot;:&quot;0&quot;,&quot;credit&quot;:&quot;&quot;,&quot;camera&quot;:&quot;&quot;,&quot;caption&quot;:&quot;&quot;,&quot;created_timestamp&quot;:&quot;0&quot;,&quot;copyright&quot;:&quot;&quot;,&quot;focal_length&quot;:&quot;0&quot;,&quot;iso&quot;:&quot;0&quot;,&quot;shutter_speed&quot;:&quot;0&quot;,&quot;title&quot;:&quot;&quot;,&quot;orientation&quot;:&quot;0&quot;}\" data-image-title=\"20190526071942\" data-image-description=\"\" data-image-caption=\"\" data-large-file=\"https:\/\/eldiariodesanpedro.com.ar\/sitio\/wp-content\/uploads\/2019\/05\/20190526071942.jpg\" data-src=\"https:\/\/eldiariodesanpedro.com.ar\/sitio\/wp-content\/uploads\/2019\/05\/20190526071942.jpg\" alt=\"\" class=\"wp-image-53460 lazyload\" data-srcset=\"https:\/\/eldiariodesanpedro.com.ar\/sitio\/wp-content\/uploads\/2019\/05\/20190526071942.jpg 470w, https:\/\/eldiariodesanpedro.com.ar\/sitio\/wp-content\/uploads\/2019\/05\/20190526071942-300x225.jpg 300w\" data-sizes=\"(max-width: 470px) 100vw, 470px\" src=\"data:image\/svg+xml;base64,PHN2ZyB3aWR0aD0iMSIgaGVpZ2h0PSIxIiB4bWxucz0iaHR0cDovL3d3dy53My5vcmcvMjAwMC9zdmciPjwvc3ZnPg==\" style=\"--smush-placeholder-width: 470px; --smush-placeholder-aspect-ratio: 470\/353;\" \/><\/figure>\n","protected":false},"excerpt":{"rendered":"<p>Ocurri\u00f3 en Av. Mitre y Paso. Dos autos colisionaron, pero salieron despedidos e impactaron a otros autos estacionados. Da\u00f1os m\u00faltiples en los rodados, y dos mujeres fueron asistidas por el Same con lesiones varias. Cerca de las 3.30 hs de esta madrugada, la esquina de Av. Mitre y Paso se convirti\u00f3 en una verdadera pista [&hellip;]<\/p>\n","protected":false},"author":4,"featured_media":53458,"comment_status":"open","ping_status":"closed","sticky":false,"template":"","format":"standard","meta":{"om_disable_all_campaigns":false,"_jetpack_memberships_contains_paid_content":false,"footnotes":""},"categories":[621],"tags":[],"class_list":["post-53457","post","type-post","status-publish","format-standard","has-post-thumbnail","hentry","category-regionales"],"aioseo_notices":[],"gutentor_comment":0,"jetpack_featured_media_url":"https:\/\/eldiariodesanpedro.com.ar\/sitio\/wp-content\/uploads\/2019\/05\/20190526071801.jpg","jetpack_shortlink":"https:\/\/wp.me\/p6RhLt-dUd","jetpack_sharing_enabled":true,"_links":{"self":[{"href":"https:\/\/eldiariodesanpedro.com.ar\/sitio\/wp-json\/wp\/v2\/posts\/53457","targetHints":{"allow":["GET"]}}],"collection":[{"href":"https:\/\/eldiariodesanpedro.com.ar\/sitio\/wp-json\/wp\/v2\/posts"}],"about":[{"href":"https:\/\/eldiariodesanpedro.com.ar\/sitio\/wp-json\/wp\/v2\/types\/post"}],"author":[{"embeddable":true,"href":"https:\/\/eldiariodesanpedro.com.ar\/sitio\/wp-json\/wp\/v2\/users\/4"}],"replies":[{"embeddable":true,"href":"https:\/\/eldiariodesanpedro.com.ar\/sitio\/wp-json\/wp\/v2\/comments?post=53457"}],"version-history":[{"count":1,"href":"https:\/\/eldiariodesanpedro.com.ar\/sitio\/wp-json\/wp\/v2\/posts\/53457\/revisions"}],"predecessor-version":[{"id":53461,"href":"https:\/\/eldiariodesanpedro.com.ar\/sitio\/wp-json\/wp\/v2\/posts\/53457\/revisions\/53461"}],"wp:featuredmedia":[{"embeddable":true,"href":"https:\/\/eldiariodesanpedro.com.ar\/sitio\/wp-json\/wp\/v2\/media\/53458"}],"wp:attachment":[{"href":"https:\/\/eldiariodesanpedro.com.ar\/sitio\/wp-json\/wp\/v2\/media?parent=53457"}],"wp:term":[{"taxonomy":"category","embeddable":true,"href":"https:\/\/eldiariodesanpedro.com.ar\/sitio\/wp-json\/wp\/v2\/categories?post=53457"},{"taxonomy":"post_tag","embeddable":true,"href":"https:\/\/eldiariodesanpedro.com.ar\/sitio\/wp-json\/wp\/v2\/tags?post=53457"}],"curies":[{"name":"wp","href":"https:\/\/api.w.org\/{rel}","templated":true}]}}