{"id":53454,"date":"2019-05-27T09:43:05","date_gmt":"2019-05-27T12:43:05","guid":{"rendered":"https:\/\/eldiariodesanpedro.com.ar\/sitio\/?p=53454"},"modified":"2019-05-27T09:43:11","modified_gmt":"2019-05-27T12:43:11","slug":"accidente-perdieron-el-control-con-su-motocicleta-cayeron-al-pavimento-y-ademas-le-secuestraron-el-rodado","status":"publish","type":"post","link":"https:\/\/eldiariodesanpedro.com.ar\/sitio\/accidente-perdieron-el-control-con-su-motocicleta-cayeron-al-pavimento-y-ademas-le-secuestraron-el-rodado\/","title":{"rendered":"Accidente: Perdieron el control con su motocicleta, cayeron al pavimento y ademas le secuestraron el rodado"},"content":{"rendered":"<!-- VideographyWP Plugin Message: Automatic video embedding prevented by plugin options. -->\n\n<p>Circulaban en una Brava 110 cc, dos masculinos mayores de edad.  Fueron trasladados al nosocomio local con lesiones leves. El veh\u00edculo quedo secuestrado por poseer el numero del motor adulterado.<\/p>\n\n\n\n<p>El evento sucedi\u00f3 sobre Ruta 1001 y ex Ruta 9 Rio Tala. <\/p>\n\n\n\n<p>Un joven de 23 a\u00f1os de edad y un hombre de 50, circulaban en una motocicleta cuando pierden el control y caen al pavimento.<\/p>\n\n\n\n<p>Como consecuencia, ambos resultan lesionados y trasladados por la ambulancia del SAME al Hospital Local.<\/p>\n\n\n\n<p>As\u00ed mismo, personal policial, constata en el sistema inform\u00e1tico,  que el veh\u00edculo tenia la numeraci\u00f3n del motor adulterada quedando secuestrado a la espera de la intervenci\u00f3n del Juzgado de Paz.<\/p>\n","protected":false},"excerpt":{"rendered":"<p>Circulaban en una Brava 110 cc, dos masculinos mayores de edad. Fueron trasladados al nosocomio local con lesiones leves. El veh\u00edculo quedo secuestrado por poseer el numero del motor adulterado. El evento sucedi\u00f3 sobre Ruta 1001 y ex Ruta 9 Rio Tala. Un joven de 23 a\u00f1os de edad y un hombre de 50, circulaban [&hellip;]<\/p>\n","protected":false},"author":4,"featured_media":44361,"comment_status":"open","ping_status":"closed","sticky":false,"template":"","format":"standard","meta":{"om_disable_all_campaigns":false,"_jetpack_memberships_contains_paid_content":false,"footnotes":""},"categories":[2,103],"tags":[],"class_list":["post-53454","post","type-post","status-publish","format-standard","has-post-thumbnail","hentry","category-locales","category-policiales-locales"],"aioseo_notices":[],"gutentor_comment":0,"jetpack_featured_media_url":"https:\/\/eldiariodesanpedro.com.ar\/sitio\/wp-content\/uploads\/2018\/11\/ambulancia-same.jpg","jetpack_shortlink":"https:\/\/wp.me\/p6RhLt-dUa","jetpack_sharing_enabled":true,"_links":{"self":[{"href":"https:\/\/eldiariodesanpedro.com.ar\/sitio\/wp-json\/wp\/v2\/posts\/53454","targetHints":{"allow":["GET"]}}],"collection":[{"href":"https:\/\/eldiariodesanpedro.com.ar\/sitio\/wp-json\/wp\/v2\/posts"}],"about":[{"href":"https:\/\/eldiariodesanpedro.com.ar\/sitio\/wp-json\/wp\/v2\/types\/post"}],"author":[{"embeddable":true,"href":"https:\/\/eldiariodesanpedro.com.ar\/sitio\/wp-json\/wp\/v2\/users\/4"}],"replies":[{"embeddable":true,"href":"https:\/\/eldiariodesanpedro.com.ar\/sitio\/wp-json\/wp\/v2\/comments?post=53454"}],"version-history":[{"count":1,"href":"https:\/\/eldiariodesanpedro.com.ar\/sitio\/wp-json\/wp\/v2\/posts\/53454\/revisions"}],"predecessor-version":[{"id":53469,"href":"https:\/\/eldiariodesanpedro.com.ar\/sitio\/wp-json\/wp\/v2\/posts\/53454\/revisions\/53469"}],"wp:featuredmedia":[{"embeddable":true,"href":"https:\/\/eldiariodesanpedro.com.ar\/sitio\/wp-json\/wp\/v2\/media\/44361"}],"wp:attachment":[{"href":"https:\/\/eldiariodesanpedro.com.ar\/sitio\/wp-json\/wp\/v2\/media?parent=53454"}],"wp:term":[{"taxonomy":"category","embeddable":true,"href":"https:\/\/eldiariodesanpedro.com.ar\/sitio\/wp-json\/wp\/v2\/categories?post=53454"},{"taxonomy":"post_tag","embeddable":true,"href":"https:\/\/eldiariodesanpedro.com.ar\/sitio\/wp-json\/wp\/v2\/tags?post=53454"}],"curies":[{"name":"wp","href":"https:\/\/api.w.org\/{rel}","templated":true}]}}